{"id":5325,"date":"2019-06-09T14:43:34","date_gmt":"2019-06-09T13:43:34","guid":{"rendered":"https:\/\/www.baezasarl-paysagiste-pepiniere.fr\/site\/?p=5325"},"modified":"2019-06-13T16:18:22","modified_gmt":"2019-06-13T15:18:22","slug":"art-publications-foire-expo-de-gignac-2019","status":"publish","type":"post","link":"https:\/\/www.baezasarl-paysagiste-pepiniere.fr\/site\/art-publications-foire-expo-de-gignac-2019\/","title":{"rendered":"Foire Exposition de Gignac 2019"},"content":{"rendered":"<p>[et_pb_section fb_built=\u00a0\u00bb1&Prime; admin_label=\u00a0\u00bbSection &#8211; Header &#8211; Article Publication\u00a0\u00bb _builder_version=\u00a0\u00bb3.24&Prime; background_color=\u00a0\u00bb#8cc44b\u00a0\u00bb background_image=\u00a0\u00bbhttps:\/\/www.baezasarl-paysagiste-pepiniere.fr\/site\/wp-content\/uploads\/BaezaSarl_Paysagiste_Pepiniere_Fond_Entete_Article_Blog.jpg\u00a0\u00bb custom_padding=\u00a0\u00bb0px|0px|0|0px|false|false\u00a0\u00bb z_index_tablet=\u00a0\u00bb500&Prime; box_shadow_horizontal_tablet=\u00a0\u00bb0px\u00a0\u00bb box_shadow_vertical_tablet=\u00a0\u00bb0px\u00a0\u00bb box_shadow_blur_tablet=\u00a0\u00bb40px\u00a0\u00bb box_shadow_spread_tablet=\u00a0\u00bb0px\u00a0\u00bb global_module=\u00a0\u00bb5646&Prime;][et_pb_row use_custom_gutter=\u00a0\u00bbon\u00a0\u00bb gutter_width=\u00a0\u00bb1&Prime; custom_padding=\u00a0\u00bb0|0px|0|0px|false|false\u00a0\u00bb custom_margin=\u00a0\u00bb-70px||||false\u00a0\u00bb make_equal=\u00a0\u00bbon\u00a0\u00bb background_color_2=\u00a0\u00bb#8cc44b\u00a0\u00bb bg_img_1=\u00a0\u00bbhttps:\/\/www.baezasarl-paysagiste-pepiniere.fr\/site\/wp-content\/uploads\/gardener-02.png\u00a0\u00bb padding_left_right_link_1=\u00a0\u00bbtrue\u00a0\u00bb padding_top_1=\u00a0\u00bb70px\u00a0\u00bb padding_top_2=\u00a0\u00bb130px\u00a0\u00bb padding_left_2=\u00a0\u00bb20px\u00a0\u00bb padding_2_tablet=\u00a0\u00bb20px|||\u00a0\u00bb padding_2_last_edited=\u00a0\u00bbon|phone\u00a0\u00bb module_class_1=\u00a0\u00bbew_vertical_align_center\u00a0\u00bb module_class_2=\u00a0\u00bbew_vertical_align_center\u00a0\u00bb module_class=\u00a0\u00bb et_pb_row_fullwidth et_pb_row_fullwidth et_pb_row_fullwidth et_pb_row_fullwidth et_pb_row_fullwidth et_pb_row_fullwidth et_pb_row_fullwidth\u00a0\u00bb _builder_version=\u00a0\u00bb3.24&Prime; width=\u00a0\u00bb100%\u00a0\u00bb width_tablet=\u00a0\u00bb100%\u00a0\u00bb width_last_edited=\u00a0\u00bbon|desktop\u00a0\u00bb max_width=\u00a0\u00bb100%\u00a0\u00bb max_width_tablet=\u00a0\u00bb100%\u00a0\u00bb max_width_last_edited=\u00a0\u00bbon|desktop\u00a0\u00bb make_fullwidth=\u00a0\u00bbon\u00a0\u00bb][et_pb_column type=\u00a0\u00bb3_5&Prime; _builder_version=\u00a0\u00bb3.0.47&Prime;][et_pb_code admin_label=\u00a0\u00bbBYEW &#8211; Plugin Galerie &#8211; options Infos Medias \u00a0\u00bb _builder_version=\u00a0\u00bb3.24&Prime; min_height=\u00a0\u00bb0px\u00a0\u00bb height=\u00a0\u00bb0px\u00a0\u00bb max_height=\u00a0\u00bb0px\u00a0\u00bb z_index_tablet=\u00a0\u00bb500&Prime;]\r\n        <div id=\"ewgl-champsmedia-details\" data-idmedia=\"5367\"\r\n        data-config=\"txt-soustitre|valtxt|et_pb_text_inner|content;img_affichedupost|defimg|src|alt\"\r\n        data-keys=\"\"\r\n        data-etiquettes=\"\"\r\n        data-src=\"https:\/\/www.baezasarl-paysagiste-pepiniere.fr\/site\/wp-content\/uploads\/BaezaSarl_Blog_FoireExpoGignac2019_Flyer_H760.jpg\"\r\n        data-titre=\"Foire Exposition de Gignac 2019\"\r\n        data-content=\"15<sup style=\u00a4font-size:0.7em\u00a4>\u00e8me<\/sup> Edition, les 15 et 16 Juin\"\r\n        data-alt=\"BAEZA Sarl, Paysagiste et P\u00e9pini\u00e8re, Publication Foire Exposition Gignac 2019 (Affiche)\" style=\"display:none !important;\"><\/div>[\/et_pb_code][et_pb_post_title meta=\u00a0\u00bboff\u00a0\u00bb featured_image=\u00a0\u00bboff\u00a0\u00bb text_color=\u00a0\u00bblight\u00a0\u00bb admin_label=\u00a0\u00bbTitre de l&rsquo;Article (auto-divi)\u00a0\u00bb _builder_version=\u00a0\u00bb3.24&Prime; title_text_align=\u00a0\u00bbcenter\u00a0\u00bb title_font_size=\u00a0\u00bb50px\u00a0\u00bb title_text_shadow_style=\u00a0\u00bbpreset1&Prime; custom_padding=\u00a0\u00bb50px|20px|10px|20px\u00a0\u00bb z_index_tablet=\u00a0\u00bb500&Prime; title_font_size_tablet=\u00a0\u00bb45px\u00a0\u00bb title_font_size_phone=\u00a0\u00bb25px\u00a0\u00bb title_font_size_last_edited=\u00a0\u00bbon|phone\u00a0\u00bb title_text_shadow_vertical_length_tablet=\u00a0\u00bb0px\u00a0\u00bb title_text_shadow_blur_strength_tablet=\u00a0\u00bb1px\u00a0\u00bb meta_text_shadow_horizontal_length_tablet=\u00a0\u00bb0px\u00a0\u00bb meta_text_shadow_vertical_length_tablet=\u00a0\u00bb0px\u00a0\u00bb meta_text_shadow_blur_strength_tablet=\u00a0\u00bb1px\u00a0\u00bb box_shadow_horizontal_tablet=\u00a0\u00bb0px\u00a0\u00bb box_shadow_vertical_tablet=\u00a0\u00bb0px\u00a0\u00bb box_shadow_blur_tablet=\u00a0\u00bb40px\u00a0\u00bb box_shadow_spread_tablet=\u00a0\u00bb0px\u00a0\u00bb text_shadow_horizontal_length_tablet=\u00a0\u00bb0px\u00a0\u00bb text_shadow_vertical_length_tablet=\u00a0\u00bb0px\u00a0\u00bb text_shadow_blur_strength_tablet=\u00a0\u00bb1px\u00a0\u00bb][\/et_pb_post_title][et_pb_text admin_label=\u00a0\u00bbSous Titre de l&rsquo;article &#8211; (auto)\u00a0\u00bb module_id=\u00a0\u00bbtxt-soustitre\u00a0\u00bb _builder_version=\u00a0\u00bb3.24&Prime; text_font=\u00a0\u00bb||||||||\u00a0\u00bb text_text_align=\u00a0\u00bbcenter\u00a0\u00bb text_text_color=\u00a0\u00bb#f7bc2c\u00a0\u00bb text_text_shadow_style=\u00a0\u00bbpreset1&Prime; header_text_align=\u00a0\u00bbcenter\u00a0\u00bb header_text_color=\u00a0\u00bb#ffffff\u00a0\u00bb header_font_size=\u00a0\u00bb50px\u00a0\u00bb header_line_height=\u00a0\u00bb1.3em\u00a0\u00bb header_text_shadow_style=\u00a0\u00bbpreset2&Prime; custom_margin_last_edited=\u00a0\u00bbon|phone\u00a0\u00bb custom_padding=\u00a0\u00bb|20px|50px|20px||\u00a0\u00bb z_index_tablet=\u00a0\u00bb500&Prime; text_text_shadow_horizontal_length_tablet=\u00a0\u00bb0px\u00a0\u00bb text_text_shadow_vertical_length_tablet=\u00a0\u00bb0px\u00a0\u00bb text_text_shadow_blur_strength_tablet=\u00a0\u00bb1px\u00a0\u00bb link_text_shadow_horizontal_length_tablet=\u00a0\u00bb0px\u00a0\u00bb link_text_shadow_vertical_length_tablet=\u00a0\u00bb0px\u00a0\u00bb link_text_shadow_blur_strength_tablet=\u00a0\u00bb1px\u00a0\u00bb ul_text_shadow_horizontal_length_tablet=\u00a0\u00bb0px\u00a0\u00bb ul_text_shadow_vertical_length_tablet=\u00a0\u00bb0px\u00a0\u00bb ul_text_shadow_blur_strength_tablet=\u00a0\u00bb1px\u00a0\u00bb ol_text_shadow_horizontal_length_tablet=\u00a0\u00bb0px\u00a0\u00bb ol_text_shadow_vertical_length_tablet=\u00a0\u00bb0px\u00a0\u00bb ol_text_shadow_blur_strength_tablet=\u00a0\u00bb1px\u00a0\u00bb quote_text_shadow_horizontal_length_tablet=\u00a0\u00bb0px\u00a0\u00bb quote_text_shadow_vertical_length_tablet=\u00a0\u00bb0px\u00a0\u00bb quote_text_shadow_blur_strength_tablet=\u00a0\u00bb1px\u00a0\u00bb header_font_size_tablet=\u00a0\u00bb45px\u00a0\u00bb header_font_size_phone=\u00a0\u00bb25px\u00a0\u00bb header_font_size_last_edited=\u00a0\u00bbon|desktop\u00a0\u00bb header_2_text_shadow_horizontal_length_tablet=\u00a0\u00bb0px\u00a0\u00bb header_2_text_shadow_vertical_length_tablet=\u00a0\u00bb0px\u00a0\u00bb header_2_text_shadow_blur_strength_tablet=\u00a0\u00bb1px\u00a0\u00bb header_3_text_shadow_horizontal_length_tablet=\u00a0\u00bb0px\u00a0\u00bb header_3_text_shadow_vertical_length_tablet=\u00a0\u00bb0px\u00a0\u00bb header_3_text_shadow_blur_strength_tablet=\u00a0\u00bb1px\u00a0\u00bb header_4_text_shadow_horizontal_length_tablet=\u00a0\u00bb0px\u00a0\u00bb header_4_text_shadow_vertical_length_tablet=\u00a0\u00bb0px\u00a0\u00bb header_4_text_shadow_blur_strength_tablet=\u00a0\u00bb1px\u00a0\u00bb header_5_text_shadow_horizontal_length_tablet=\u00a0\u00bb0px\u00a0\u00bb header_5_text_shadow_vertical_length_tablet=\u00a0\u00bb0px\u00a0\u00bb header_5_text_shadow_blur_strength_tablet=\u00a0\u00bb1px\u00a0\u00bb header_6_text_shadow_horizontal_length_tablet=\u00a0\u00bb0px\u00a0\u00bb header_6_text_shadow_vertical_length_tablet=\u00a0\u00bb0px\u00a0\u00bb header_6_text_shadow_blur_strength_tablet=\u00a0\u00bb1px\u00a0\u00bb box_shadow_horizontal_tablet=\u00a0\u00bb0px\u00a0\u00bb box_shadow_vertical_tablet=\u00a0\u00bb0px\u00a0\u00bb box_shadow_blur_tablet=\u00a0\u00bb40px\u00a0\u00bb box_shadow_spread_tablet=\u00a0\u00bb0px\u00a0\u00bb]<\/p>\n<p>Sous Titre<\/p>\n<p>[\/et_pb_text][\/et_pb_column][et_pb_column type=\u00a0\u00bb2_5&Prime; _builder_version=\u00a0\u00bb3.0.47&Prime;][et_pb_cta title=\u00a0\u00bbNous joindre\u00a0\u00bb admin_label=\u00a0\u00bbAppel d&rsquo;Action Contactez-nous\u00a0\u00bb module_id=\u00a0\u00bbet_pb_contact_form_0&Prime; _builder_version=\u00a0\u00bb3.24&Prime; header_level=\u00a0\u00bbh3&Prime; header_font_size=\u00a0\u00bb27px\u00a0\u00bb body_font=\u00a0\u00bb||on||||||\u00a0\u00bb body_text_color=\u00a0\u00bb#055699&Prime; body_font_size=\u00a0\u00bb22px\u00a0\u00bb body_line_height=\u00a0\u00bb1.9em\u00a0\u00bb use_background_color=\u00a0\u00bboff\u00a0\u00bb custom_button=\u00a0\u00bbon\u00a0\u00bb button_bg_color=\u00a0\u00bb#5c931d\u00a0\u00bb button_border_width=\u00a0\u00bb0px\u00a0\u00bb button_border_color=\u00a0\u00bbrgba(0,0,0,0)\u00a0\u00bb button_border_radius=\u00a0\u00bb0px\u00a0\u00bb button_icon=\u00a0\u00bb%%3%%\u00a0\u00bb button_alignment=\u00a0\u00bbleft\u00a0\u00bb text_orientation=\u00a0\u00bbleft\u00a0\u00bb background_layout=\u00a0\u00bblight\u00a0\u00bb custom_margin=\u00a0\u00bb0px|0px|0px|0px||true\u00a0\u00bb custom_padding=\u00a0\u00bb10px|5px|0px|5px||true\u00a0\u00bb z_index_tablet=\u00a0\u00bb500&Prime; header_font_size_tablet=\u00a0\u00bb23px\u00a0\u00bb header_font_size_phone=\u00a0\u00bb22px\u00a0\u00bb header_font_size_last_edited=\u00a0\u00bbon|desktop\u00a0\u00bb body_font_size_tablet=\u00a0\u00bb18px\u00a0\u00bb body_font_size_phone=\u00a0\u00bb17px\u00a0\u00bb body_font_size_last_edited=\u00a0\u00bbon|tablet\u00a0\u00bb body_link_text_shadow_horizontal_length_tablet=\u00a0\u00bb0px\u00a0\u00bb body_link_text_shadow_vertical_length_tablet=\u00a0\u00bb0px\u00a0\u00bb body_link_text_shadow_blur_strength_tablet=\u00a0\u00bb1px\u00a0\u00bb body_ul_text_shadow_horizontal_length_tablet=\u00a0\u00bb0px\u00a0\u00bb body_ul_text_shadow_vertical_length_tablet=\u00a0\u00bb0px\u00a0\u00bb body_ul_text_shadow_blur_strength_tablet=\u00a0\u00bb1px\u00a0\u00bb body_ol_text_shadow_horizontal_length_tablet=\u00a0\u00bb0px\u00a0\u00bb body_ol_text_shadow_vertical_length_tablet=\u00a0\u00bb0px\u00a0\u00bb body_ol_text_shadow_blur_strength_tablet=\u00a0\u00bb1px\u00a0\u00bb body_quote_text_shadow_horizontal_length_tablet=\u00a0\u00bb0px\u00a0\u00bb body_quote_text_shadow_vertical_length_tablet=\u00a0\u00bb0px\u00a0\u00bb body_quote_text_shadow_blur_strength_tablet=\u00a0\u00bb1px\u00a0\u00bb box_shadow_horizontal_tablet=\u00a0\u00bb0px\u00a0\u00bb box_shadow_vertical_tablet=\u00a0\u00bb0px\u00a0\u00bb box_shadow_blur_tablet=\u00a0\u00bb40px\u00a0\u00bb box_shadow_spread_tablet=\u00a0\u00bb0px\u00a0\u00bb box_shadow_horizontal_button_tablet=\u00a0\u00bb0px\u00a0\u00bb box_shadow_vertical_button_tablet=\u00a0\u00bb0px\u00a0\u00bb box_shadow_blur_button_tablet=\u00a0\u00bb40px\u00a0\u00bb box_shadow_spread_button_tablet=\u00a0\u00bb0px\u00a0\u00bb button_border_color_hover=\u00a0\u00bbrgba(0,0,0,0)\u00a0\u00bb button_letter_spacing_hover=\u00a0\u00bb0&Prime; button_bg_color_hover=\u00a0\u00bb#5c931d\u00a0\u00bb button_text_size__hover_enabled=\u00a0\u00bboff\u00a0\u00bb button_one_text_size__hover_enabled=\u00a0\u00bboff\u00a0\u00bb button_two_text_size__hover_enabled=\u00a0\u00bboff\u00a0\u00bb button_text_color__hover_enabled=\u00a0\u00bboff\u00a0\u00bb button_one_text_color__hover_enabled=\u00a0\u00bboff\u00a0\u00bb button_two_text_color__hover_enabled=\u00a0\u00bboff\u00a0\u00bb button_border_width__hover_enabled=\u00a0\u00bboff\u00a0\u00bb button_one_border_width__hover_enabled=\u00a0\u00bboff\u00a0\u00bb button_two_border_width__hover_enabled=\u00a0\u00bboff\u00a0\u00bb button_border_color__hover_enabled=\u00a0\u00bbon\u00a0\u00bb button_border_color__hover=\u00a0\u00bbrgba(0,0,0,0)\u00a0\u00bb button_one_border_color__hover_enabled=\u00a0\u00bboff\u00a0\u00bb button_two_border_color__hover_enabled=\u00a0\u00bboff\u00a0\u00bb button_border_radius__hover_enabled=\u00a0\u00bboff\u00a0\u00bb button_one_border_radius__hover_enabled=\u00a0\u00bboff\u00a0\u00bb button_two_border_radius__hover_enabled=\u00a0\u00bboff\u00a0\u00bb button_letter_spacing__hover_enabled=\u00a0\u00bbon\u00a0\u00bb button_letter_spacing__hover=\u00a0\u00bb0&Prime; button_one_letter_spacing__hover_enabled=\u00a0\u00bboff\u00a0\u00bb button_two_letter_spacing__hover_enabled=\u00a0\u00bboff\u00a0\u00bb button_bg_color__hover_enabled=\u00a0\u00bbon\u00a0\u00bb button_bg_color__hover=\u00a0\u00bb#5c931d\u00a0\u00bb button_one_bg_color__hover_enabled=\u00a0\u00bboff\u00a0\u00bb button_two_bg_color__hover_enabled=\u00a0\u00bboff\u00a0\u00bb]<\/p>\n<ul class=\"fa-ul ew_ul\" style=\"list-style: none; margin-left: -5px;\">\n<li><i class=\"fas fa-phone\"><\/i>04 67 57 85 21<\/li>\n<li><i class=\"fas fa-mobile-alt\"><\/i>06 13 22 50 52<\/li>\n<li><i class=\"fas fa-envelope\"><\/i>baeza.philippe2@wanadoo.fr<\/li>\n<li><i class=\"fas fa-home\"><\/i>ZAE la Garrigue, Mas de Jandos<br \/>34725 Saint-Andr\u00e9-de-Sangonis<\/li>\n<li><i class=\"fas fa-clock\"><\/i>9h-12h \/ 14h-18h30<\/li>\n<li><i class=\"fas fa-calendar-alt\"><\/i>ouvert tous les :\n<ul class=\"fa-ul ew_ul\" style=\"list-style: none;\">\n<li><i class=\"far fa-calendar-check\"><\/i>Mardis, Mercredis, Jeudis,<\/li>\n<li><i class=\"far fa-calendar-check\"><\/i>Vendredis, Samedis.<\/li>\n<li><i class=\"far fa-calendar-check\"><\/i>Dimanches de Printemps.<\/li>\n<\/ul>\n<\/li>\n<li><i class=\"fas fa-calendar-times\" style=\"color: #e91e63;\"><\/i>ferm\u00e9 les Lundis.<\/li>\n<\/ul>\n<p>[\/et_pb_cta][et_pb_button button_url=\u00a0\u00bb\/site\/contact\u00a0\u00bb button_text=\u00a0\u00bbContactez-nous\u00a0\u00bb button_alignment=\u00a0\u00bbleft\u00a0\u00bb admin_label=\u00a0\u00bbBouton &#8211; Contactez-nous\u00a0\u00bb _builder_version=\u00a0\u00bb3.24&Prime; custom_button=\u00a0\u00bbon\u00a0\u00bb button_text_color=\u00a0\u00bb#ffffff\u00a0\u00bb button_bg_color=\u00a0\u00bb#055699&Prime; button_border_width=\u00a0\u00bb0px\u00a0\u00bb button_border_color=\u00a0\u00bbrgba(0,0,0,0)\u00a0\u00bb button_border_radius=\u00a0\u00bb0px\u00a0\u00bb button_font=\u00a0\u00bb||on||||||\u00a0\u00bb button_icon=\u00a0\u00bb%%3%%\u00a0\u00bb custom_margin=\u00a0\u00bb30px|0px||20px\u00a0\u00bb custom_margin_tablet=\u00a0\u00bb||20px\u00a0\u00bb custom_margin_last_edited=\u00a0\u00bbon|tablet\u00a0\u00bb custom_padding=\u00a0\u00bb|||\u00a0\u00bb animation_style=\u00a0\u00bbfold\u00a0\u00bb animation_direction=\u00a0\u00bbleft\u00a0\u00bb z_index_tablet=\u00a0\u00bb500&Prime; button_text_shadow_horizontal_length_tablet=\u00a0\u00bb0px\u00a0\u00bb button_text_shadow_vertical_length_tablet=\u00a0\u00bb0px\u00a0\u00bb button_text_shadow_blur_strength_tablet=\u00a0\u00bb1px\u00a0\u00bb box_shadow_horizontal_tablet=\u00a0\u00bb0px\u00a0\u00bb box_shadow_vertical_tablet=\u00a0\u00bb0px\u00a0\u00bb box_shadow_blur_tablet=\u00a0\u00bb40px\u00a0\u00bb box_shadow_spread_tablet=\u00a0\u00bb0px\u00a0\u00bb button_text_color_hover=\u00a0\u00bb#ffffff\u00a0\u00bb button_border_color_hover=\u00a0\u00bbrgba(0,0,0,0)\u00a0\u00bb button_bg_color_hover=\u00a0\u00bb#055699&Prime; button_text_size__hover_enabled=\u00a0\u00bboff\u00a0\u00bb button_one_text_size__hover_enabled=\u00a0\u00bboff\u00a0\u00bb button_two_text_size__hover_enabled=\u00a0\u00bboff\u00a0\u00bb button_text_color__hover_enabled=\u00a0\u00bbon\u00a0\u00bb button_text_color__hover=\u00a0\u00bb#ffffff\u00a0\u00bb button_one_text_color__hover_enabled=\u00a0\u00bboff\u00a0\u00bb button_two_text_color__hover_enabled=\u00a0\u00bboff\u00a0\u00bb button_border_width__hover_enabled=\u00a0\u00bboff\u00a0\u00bb button_one_border_width__hover_enabled=\u00a0\u00bboff\u00a0\u00bb button_two_border_width__hover_enabled=\u00a0\u00bboff\u00a0\u00bb button_border_color__hover_enabled=\u00a0\u00bbon\u00a0\u00bb button_border_color__hover=\u00a0\u00bbrgba(0,0,0,0)\u00a0\u00bb button_one_border_color__hover_enabled=\u00a0\u00bboff\u00a0\u00bb button_two_border_color__hover_enabled=\u00a0\u00bboff\u00a0\u00bb button_border_radius__hover_enabled=\u00a0\u00bboff\u00a0\u00bb button_one_border_radius__hover_enabled=\u00a0\u00bboff\u00a0\u00bb button_two_border_radius__hover_enabled=\u00a0\u00bboff\u00a0\u00bb button_letter_spacing__hover_enabled=\u00a0\u00bboff\u00a0\u00bb button_one_letter_spacing__hover_enabled=\u00a0\u00bboff\u00a0\u00bb button_two_letter_spacing__hover_enabled=\u00a0\u00bboff\u00a0\u00bb button_bg_color__hover_enabled=\u00a0\u00bbon\u00a0\u00bb button_bg_color__hover=\u00a0\u00bb#055699&Prime; button_one_bg_color__hover_enabled=\u00a0\u00bboff\u00a0\u00bb button_two_bg_color__hover_enabled=\u00a0\u00bboff\u00a0\u00bb]<\/p>\n<p>&nbsp;<\/p>\n<p>[\/et_pb_button][\/et_pb_column][\/et_pb_row][\/et_pb_section][et_pb_section fb_built=\u00a0\u00bb1&Prime; admin_label=\u00a0\u00bbSection &#8211; Post\u00a0\u00bb _builder_version=\u00a0\u00bb3.24&Prime; background_size=\u00a0\u00bbcontain\u00a0\u00bb background_position=\u00a0\u00bbcenter_left\u00a0\u00bb inner_width_tablet=\u00a0\u00bb50px\u00a0\u00bb inner_max_width_tablet=\u00a0\u00bb50px\u00a0\u00bb custom_padding=\u00a0\u00bb54px|0px|0|0px|false|false\u00a0\u00bb top_divider_style=\u00a0\u00bbramp2&Prime; top_divider_color=\u00a0\u00bb#8cc44b\u00a0\u00bb top_divider_flip=\u00a0\u00bbvertical|horizontal\u00a0\u00bb z_index_tablet=\u00a0\u00bb500&Prime; box_shadow_horizontal_tablet=\u00a0\u00bb0px\u00a0\u00bb box_shadow_vertical_tablet=\u00a0\u00bb0px\u00a0\u00bb box_shadow_blur_tablet=\u00a0\u00bb40px\u00a0\u00bb box_shadow_spread_tablet=\u00a0\u00bb0px\u00a0\u00bb][et_pb_row use_custom_gutter=\u00a0\u00bbon\u00a0\u00bb gutter_width=\u00a0\u00bb1&Prime; custom_padding=\u00a0\u00bb0|0px|0|0px|false|false\u00a0\u00bb custom_padding_tablet=\u00a0\u00bb20px|0px|0px|0px\u00a0\u00bb custom_padding_last_edited=\u00a0\u00bbon|desktop\u00a0\u00bb admin_label=\u00a0\u00bbLigne &#8211; Intro.\u00a0\u00bb module_class=\u00a0\u00bb et_pb_row_fullwidth et_pb_row_fullwidth et_pb_row_fullwidth et_pb_row_fullwidth et_pb_row_fullwidth\u00a0\u00bb _builder_version=\u00a0\u00bb3.24&Prime; width=\u00a0\u00bb100%\u00a0\u00bb width_tablet=\u00a0\u00bb100%\u00a0\u00bb width_last_edited=\u00a0\u00bbon|desktop\u00a0\u00bb max_width=\u00a0\u00bb100%\u00a0\u00bb max_width_tablet=\u00a0\u00bb100%\u00a0\u00bb max_width_last_edited=\u00a0\u00bbon|desktop\u00a0\u00bb make_fullwidth=\u00a0\u00bbon\u00a0\u00bb][et_pb_column type=\u00a0\u00bb4_4&Prime; _builder_version=\u00a0\u00bb3.0.47&Prime;][et_pb_text disabled_on=\u00a0\u00bboff|off|off\u00a0\u00bb admin_label=\u00a0\u00bbTexte &#8211; Intro. News\u00a0\u00bb _builder_version=\u00a0\u00bb3.24&Prime; header_2_font_size=\u00a0\u00bb28px\u00a0\u00bb custom_margin=\u00a0\u00bb||||true\u00a0\u00bb custom_padding=\u00a0\u00bb5px|10px|5px|10px|true\u00a0\u00bb z_index_tablet=\u00a0\u00bb500&Prime; text_text_shadow_horizontal_length_tablet=\u00a0\u00bb0px\u00a0\u00bb text_text_shadow_vertical_length_tablet=\u00a0\u00bb0px\u00a0\u00bb text_text_shadow_blur_strength_tablet=\u00a0\u00bb1px\u00a0\u00bb link_text_shadow_horizontal_length_tablet=\u00a0\u00bb0px\u00a0\u00bb link_text_shadow_vertical_length_tablet=\u00a0\u00bb0px\u00a0\u00bb link_text_shadow_blur_strength_tablet=\u00a0\u00bb1px\u00a0\u00bb ul_text_shadow_horizontal_length_tablet=\u00a0\u00bb0px\u00a0\u00bb ul_text_shadow_vertical_length_tablet=\u00a0\u00bb0px\u00a0\u00bb ul_text_shadow_blur_strength_tablet=\u00a0\u00bb1px\u00a0\u00bb ol_text_shadow_horizontal_length_tablet=\u00a0\u00bb0px\u00a0\u00bb ol_text_shadow_vertical_length_tablet=\u00a0\u00bb0px\u00a0\u00bb ol_text_shadow_blur_strength_tablet=\u00a0\u00bb1px\u00a0\u00bb quote_text_shadow_horizontal_length_tablet=\u00a0\u00bb0px\u00a0\u00bb quote_text_shadow_vertical_length_tablet=\u00a0\u00bb0px\u00a0\u00bb quote_text_shadow_blur_strength_tablet=\u00a0\u00bb1px\u00a0\u00bb header_text_shadow_horizontal_length_tablet=\u00a0\u00bb0px\u00a0\u00bb header_text_shadow_vertical_length_tablet=\u00a0\u00bb0px\u00a0\u00bb header_text_shadow_blur_strength_tablet=\u00a0\u00bb1px\u00a0\u00bb header_2_font_size_tablet=\u00a0\u00bb25px\u00a0\u00bb header_2_font_size_phone=\u00a0\u00bb24px\u00a0\u00bb header_2_font_size_last_edited=\u00a0\u00bbon|phone\u00a0\u00bb header_2_text_shadow_horizontal_length_tablet=\u00a0\u00bb0px\u00a0\u00bb header_2_text_shadow_vertical_length_tablet=\u00a0\u00bb0px\u00a0\u00bb header_2_text_shadow_blur_strength_tablet=\u00a0\u00bb1px\u00a0\u00bb header_3_text_shadow_horizontal_length_tablet=\u00a0\u00bb0px\u00a0\u00bb header_3_text_shadow_vertical_length_tablet=\u00a0\u00bb0px\u00a0\u00bb header_3_text_shadow_blur_strength_tablet=\u00a0\u00bb1px\u00a0\u00bb header_4_text_shadow_horizontal_length_tablet=\u00a0\u00bb0px\u00a0\u00bb header_4_text_shadow_vertical_length_tablet=\u00a0\u00bb0px\u00a0\u00bb header_4_text_shadow_blur_strength_tablet=\u00a0\u00bb1px\u00a0\u00bb header_5_text_shadow_horizontal_length_tablet=\u00a0\u00bb0px\u00a0\u00bb header_5_text_shadow_vertical_length_tablet=\u00a0\u00bb0px\u00a0\u00bb header_5_text_shadow_blur_strength_tablet=\u00a0\u00bb1px\u00a0\u00bb header_6_text_shadow_horizontal_length_tablet=\u00a0\u00bb0px\u00a0\u00bb header_6_text_shadow_vertical_length_tablet=\u00a0\u00bb0px\u00a0\u00bb header_6_text_shadow_blur_strength_tablet=\u00a0\u00bb1px\u00a0\u00bb box_shadow_horizontal_tablet=\u00a0\u00bb0px\u00a0\u00bb box_shadow_vertical_tablet=\u00a0\u00bb0px\u00a0\u00bb box_shadow_blur_tablet=\u00a0\u00bb40px\u00a0\u00bb box_shadow_spread_tablet=\u00a0\u00bb0px\u00a0\u00bb]<\/p>\n<h2><i class=\"fab fa-pagelines fa-3x\" style=\"color: #c3ed92;\"><\/i><i class=\"fab fa-pagelines fa-2x\" style=\"color: #8cc44b;\"><\/i><i class=\"fab fa-pagelines fa-1x\" style=\"color: #53931d;\"><\/i> News<\/h2>\n<p>[\/et_pb_text][\/et_pb_column][\/et_pb_row][et_pb_row custom_padding=\u00a0\u00bb27px|0px|40px|0px|false|false\u00a0\u00bb make_equal=\u00a0\u00bbon\u00a0\u00bb module_class_1=\u00a0\u00bbew_vertical_align_center\u00a0\u00bb admin_label=\u00a0\u00bbLigne &#8211; Post\u00a0\u00bb _builder_version=\u00a0\u00bb3.24&Prime;][et_pb_column type=\u00a0\u00bb1_2&Prime; _builder_version=\u00a0\u00bb3.0.47&Prime;][et_pb_text admin_label=\u00a0\u00bbTexte &#8211; Pr\u00e9sentation de la Publication\u00a0\u00bb _builder_version=\u00a0\u00bb3.24&Prime; text_font=\u00a0\u00bb||on||||||\u00a0\u00bb text_line_height=\u00a0\u00bb1.3em\u00a0\u00bb z_index_tablet=\u00a0\u00bb500&Prime; text_font_size_tablet=\u00a0\u00bb19px\u00a0\u00bb text_font_size_phone=\u00a0\u00bb18px\u00a0\u00bb text_font_size_last_edited=\u00a0\u00bbon|phone\u00a0\u00bb text_text_shadow_horizontal_length_tablet=\u00a0\u00bb0px\u00a0\u00bb text_text_shadow_vertical_length_tablet=\u00a0\u00bb0px\u00a0\u00bb text_text_shadow_blur_strength_tablet=\u00a0\u00bb1px\u00a0\u00bb link_text_shadow_horizontal_length_tablet=\u00a0\u00bb0px\u00a0\u00bb link_text_shadow_vertical_length_tablet=\u00a0\u00bb0px\u00a0\u00bb link_text_shadow_blur_strength_tablet=\u00a0\u00bb1px\u00a0\u00bb ul_text_shadow_horizontal_length_tablet=\u00a0\u00bb0px\u00a0\u00bb ul_text_shadow_vertical_length_tablet=\u00a0\u00bb0px\u00a0\u00bb ul_text_shadow_blur_strength_tablet=\u00a0\u00bb1px\u00a0\u00bb ol_text_shadow_horizontal_length_tablet=\u00a0\u00bb0px\u00a0\u00bb ol_text_shadow_vertical_length_tablet=\u00a0\u00bb0px\u00a0\u00bb ol_text_shadow_blur_strength_tablet=\u00a0\u00bb1px\u00a0\u00bb quote_text_shadow_horizontal_length_tablet=\u00a0\u00bb0px\u00a0\u00bb quote_text_shadow_vertical_length_tablet=\u00a0\u00bb0px\u00a0\u00bb quote_text_shadow_blur_strength_tablet=\u00a0\u00bb1px\u00a0\u00bb header_text_shadow_horizontal_length_tablet=\u00a0\u00bb0px\u00a0\u00bb header_text_shadow_vertical_length_tablet=\u00a0\u00bb0px\u00a0\u00bb header_text_shadow_blur_strength_tablet=\u00a0\u00bb1px\u00a0\u00bb header_2_text_shadow_horizontal_length_tablet=\u00a0\u00bb0px\u00a0\u00bb header_2_text_shadow_vertical_length_tablet=\u00a0\u00bb0px\u00a0\u00bb header_2_text_shadow_blur_strength_tablet=\u00a0\u00bb1px\u00a0\u00bb header_3_text_shadow_horizontal_length_tablet=\u00a0\u00bb0px\u00a0\u00bb header_3_text_shadow_vertical_length_tablet=\u00a0\u00bb0px\u00a0\u00bb header_3_text_shadow_blur_strength_tablet=\u00a0\u00bb1px\u00a0\u00bb header_4_text_shadow_horizontal_length_tablet=\u00a0\u00bb0px\u00a0\u00bb header_4_text_shadow_vertical_length_tablet=\u00a0\u00bb0px\u00a0\u00bb header_4_text_shadow_blur_strength_tablet=\u00a0\u00bb1px\u00a0\u00bb header_5_text_shadow_horizontal_length_tablet=\u00a0\u00bb0px\u00a0\u00bb header_5_text_shadow_vertical_length_tablet=\u00a0\u00bb0px\u00a0\u00bb header_5_text_shadow_blur_strength_tablet=\u00a0\u00bb1px\u00a0\u00bb header_6_text_shadow_horizontal_length_tablet=\u00a0\u00bb0px\u00a0\u00bb header_6_text_shadow_vertical_length_tablet=\u00a0\u00bb0px\u00a0\u00bb header_6_text_shadow_blur_strength_tablet=\u00a0\u00bb1px\u00a0\u00bb box_shadow_horizontal_tablet=\u00a0\u00bb0px\u00a0\u00bb box_shadow_vertical_tablet=\u00a0\u00bb0px\u00a0\u00bb box_shadow_blur_tablet=\u00a0\u00bb40px\u00a0\u00bb box_shadow_spread_tablet=\u00a0\u00bb0px\u00a0\u00bb]<\/p>\n<p>La 15<sup style=\"font-size: 0.7em;\">\u00e8me<\/sup> \u00e9dition de la Foire Exposition de Gignac va ouvrir ses portes les 15 et 16 Juin 2019.<\/p>\n<p>Une nouvelle fois, toute l&rsquo;\u00e9quipe <strong>Ba\u00ebza\u00a0<\/strong><b>SARL<\/b>\u00a0sera pr\u00e9sente et embellira l&rsquo;entr\u00e9e principale du Hall des exposants.<\/p>\n<p>Venez nous y retrouver, nous vous avons r\u00e9serv\u00e9s de nombreuses surprises et nouveaut\u00e9s&#8230;<\/p>\n<p>Vous pourrez y d\u00e9couvrir notre espace consacr\u00e9 \u00e0 la\u00a0<strong>P\u00e9pini\u00e8re<\/strong> avec de nombreux v\u00e9g\u00e9taux et plants potagers \u00e0 la vente.<\/p>\n<p>Mais aussi <span style=\"color: #5c931d;\"><strong>la deuxi\u00e8me \u00e9dition de notre jardin \u00e9ph\u00e9m\u00e8re<\/strong><\/span>, qui vous donnera un aper\u00e7u des cr\u00e9ations ou am\u00e9nagements r\u00e9alisables par notre \u00e9quipe de <strong>Paysagiste<\/strong>.<\/p>\n<p>Alors ne manquez pas ce rendez-vous et au plaisir de vous y retrouver.<\/p>\n<p>[\/et_pb_text][\/et_pb_column][et_pb_column type=\u00a0\u00bb1_2&Prime; _builder_version=\u00a0\u00bb3.0.47&Prime;][et_pb_image src=\u00a0\u00bbhttps:\/\/www.baezasarl-paysagiste-pepiniere.fr\/site\/wp-content\/uploads\/BaezaSarl_BanniereSite_PetitFormat.png\u00a0\u00bb alt=\u00a0\u00bbBAEZA Sarl, Paysagiste et P\u00e9pini\u00e8re, Banni\u00e8re Site Petit Format, Logo\u00a0\u00bb align_tablet=\u00a0\u00bbcenter\u00a0\u00bb align_last_edited=\u00a0\u00bbon|desktop\u00a0\u00bb admin_label=\u00a0\u00bbImage &#8211; Affiche de la Publication &#8211; image mise en avant (auto)\u00a0\u00bb module_id=\u00a0\u00bbimg_affichedupost\u00a0\u00bb _builder_version=\u00a0\u00bb3.24&Prime; box_shadow_style=\u00a0\u00bbpreset3&Prime; z_index_tablet=\u00a0\u00bb500&Prime;]<\/p>\n<p>\n&nbsp;<\/p>\n<p>[\/et_pb_image][\/et_pb_column][\/et_pb_row][\/et_pb_section][et_pb_section fb_built=\u00a0\u00bb1&Prime; admin_label=\u00a0\u00bbSection &#8211; Galerie Am\u00e9nagement Paysager\u00a0\u00bb _builder_version=\u00a0\u00bb3.23.3&Prime; custom_padding=\u00a0\u00bb0px|0px|0|0px|false|false\u00a0\u00bb top_divider_height=\u00a0\u00bb25px\u00a0\u00bb top_divider_flip=\u00a0\u00bbvertical\u00a0\u00bb z_index_tablet=\u00a0\u00bb500&Prime; box_shadow_horizontal_tablet=\u00a0\u00bb0px\u00a0\u00bb box_shadow_vertical_tablet=\u00a0\u00bb0px\u00a0\u00bb box_shadow_blur_tablet=\u00a0\u00bb40px\u00a0\u00bb box_shadow_spread_tablet=\u00a0\u00bb0px\u00a0\u00bb custom_css_main_element=\u00a0\u00bbz-index:20;\u00a0\u00bb][et_pb_row use_custom_gutter=\u00a0\u00bbon\u00a0\u00bb gutter_width=\u00a0\u00bb1&Prime; custom_margin=\u00a0\u00bb|0px||0px||true\u00a0\u00bb module_class=\u00a0\u00bb et_pb_row_fullwidth et_pb_row_fullwidth et_pb_row_fullwidth et_pb_row_fullwidth et_pb_row_fullwidth et_pb_row_fullwidth et_pb_row_fullwidth\u00a0\u00bb _builder_version=\u00a0\u00bb3.22.3&Prime; background_size=\u00a0\u00bbinitial\u00a0\u00bb background_position=\u00a0\u00bbtop_left\u00a0\u00bb background_repeat=\u00a0\u00bbrepeat-y\u00a0\u00bb width=\u00a0\u00bb100%\u00a0\u00bb width_tablet=\u00a0\u00bb100%\u00a0\u00bb width_last_edited=\u00a0\u00bbon|desktop\u00a0\u00bb max_width=\u00a0\u00bb100%\u00a0\u00bb max_width_tablet=\u00a0\u00bb100%\u00a0\u00bb max_width_last_edited=\u00a0\u00bbon|desktop\u00a0\u00bb custom_margin_tablet=\u00a0\u00bb|0px||0px||true\u00a0\u00bb custom_margin_last_edited=\u00a0\u00bbon|desktop\u00a0\u00bb make_fullwidth=\u00a0\u00bbon\u00a0\u00bb][et_pb_column type=\u00a0\u00bb4_4&Prime; _builder_version=\u00a0\u00bb3.0.47&Prime;][et_pb_text admin_label=\u00a0\u00bbTexte &#8211; Pr\u00e9sentation Galerie\u00a0\u00bb _builder_version=\u00a0\u00bb3.24&Prime; header_3_font_size=\u00a0\u00bb27px\u00a0\u00bb custom_margin=\u00a0\u00bb0px||20px|20px\u00a0\u00bb custom_margin_tablet=\u00a0\u00bb0px||20px\u00a0\u00bb custom_margin_phone=\u00a0\u00bb0px||\u00a0\u00bb custom_margin_last_edited=\u00a0\u00bbon|desktop\u00a0\u00bb z_index_tablet=\u00a0\u00bb500&Prime; text_text_shadow_horizontal_length_tablet=\u00a0\u00bb0px\u00a0\u00bb text_text_shadow_vertical_length_tablet=\u00a0\u00bb0px\u00a0\u00bb text_text_shadow_blur_strength_tablet=\u00a0\u00bb1px\u00a0\u00bb link_text_shadow_horizontal_length_tablet=\u00a0\u00bb0px\u00a0\u00bb link_text_shadow_vertical_length_tablet=\u00a0\u00bb0px\u00a0\u00bb link_text_shadow_blur_strength_tablet=\u00a0\u00bb1px\u00a0\u00bb ul_text_shadow_horizontal_length_tablet=\u00a0\u00bb0px\u00a0\u00bb ul_text_shadow_vertical_length_tablet=\u00a0\u00bb0px\u00a0\u00bb ul_text_shadow_blur_strength_tablet=\u00a0\u00bb1px\u00a0\u00bb ol_text_shadow_horizontal_length_tablet=\u00a0\u00bb0px\u00a0\u00bb ol_text_shadow_vertical_length_tablet=\u00a0\u00bb0px\u00a0\u00bb ol_text_shadow_blur_strength_tablet=\u00a0\u00bb1px\u00a0\u00bb quote_text_shadow_horizontal_length_tablet=\u00a0\u00bb0px\u00a0\u00bb quote_text_shadow_vertical_length_tablet=\u00a0\u00bb0px\u00a0\u00bb quote_text_shadow_blur_strength_tablet=\u00a0\u00bb1px\u00a0\u00bb header_text_shadow_horizontal_length_tablet=\u00a0\u00bb0px\u00a0\u00bb header_text_shadow_vertical_length_tablet=\u00a0\u00bb0px\u00a0\u00bb header_text_shadow_blur_strength_tablet=\u00a0\u00bb1px\u00a0\u00bb header_2_text_shadow_horizontal_length_tablet=\u00a0\u00bb0px\u00a0\u00bb header_2_text_shadow_vertical_length_tablet=\u00a0\u00bb0px\u00a0\u00bb header_2_text_shadow_blur_strength_tablet=\u00a0\u00bb1px\u00a0\u00bb header_3_font_size_tablet=\u00a0\u00bb23px\u00a0\u00bb header_3_font_size_phone=\u00a0\u00bb22px\u00a0\u00bb header_3_font_size_last_edited=\u00a0\u00bbon|phone\u00a0\u00bb header_3_text_shadow_horizontal_length_tablet=\u00a0\u00bb0px\u00a0\u00bb header_3_text_shadow_vertical_length_tablet=\u00a0\u00bb0px\u00a0\u00bb header_3_text_shadow_blur_strength_tablet=\u00a0\u00bb1px\u00a0\u00bb header_4_text_shadow_horizontal_length_tablet=\u00a0\u00bb0px\u00a0\u00bb header_4_text_shadow_vertical_length_tablet=\u00a0\u00bb0px\u00a0\u00bb header_4_text_shadow_blur_strength_tablet=\u00a0\u00bb1px\u00a0\u00bb header_5_text_shadow_horizontal_length_tablet=\u00a0\u00bb0px\u00a0\u00bb header_5_text_shadow_vertical_length_tablet=\u00a0\u00bb0px\u00a0\u00bb header_5_text_shadow_blur_strength_tablet=\u00a0\u00bb1px\u00a0\u00bb header_6_text_shadow_horizontal_length_tablet=\u00a0\u00bb0px\u00a0\u00bb header_6_text_shadow_vertical_length_tablet=\u00a0\u00bb0px\u00a0\u00bb header_6_text_shadow_blur_strength_tablet=\u00a0\u00bb1px\u00a0\u00bb box_shadow_horizontal_tablet=\u00a0\u00bb0px\u00a0\u00bb box_shadow_vertical_tablet=\u00a0\u00bb0px\u00a0\u00bb box_shadow_blur_tablet=\u00a0\u00bb40px\u00a0\u00bb box_shadow_spread_tablet=\u00a0\u00bb0px\u00a0\u00bb saved_tabs=\u00a0\u00bball\u00a0\u00bb]<\/p>\n<h3><i class=\"far fa-images\"><\/i> Souvenirs de l&rsquo;\u00e9dition 2018,<\/h3>\n<p>[\/et_pb_text][et_pb_code admin_label=\u00a0\u00bbBYEW &#8211; Plugin Galerie &#8211; Galerie \u00e9l\u00e9ments li\u00e9s (auto)\u00a0\u00bb _builder_version=\u00a0\u00bb3.24&Prime; module_alignment=\u00a0\u00bbcenter\u00a0\u00bb custom_margin=\u00a0\u00bb|20px||20px\u00a0\u00bb animation_style=\u00a0\u00bbfold\u00a0\u00bb animation_direction=\u00a0\u00bbtop\u00a0\u00bb z_index_tablet=\u00a0\u00bb500&Prime; saved_tabs=\u00a0\u00bball\u00a0\u00bb]<div id=\"5414-ms-ewgl-galerie\" data-idgl=\"5414-ms\" style=\"min-width:275px\">\r\n            \r\n                <div class=\"ewgl_conteneurkeys ewgl_border\"><\/div>\r\n            \r\n            \r\n            <style>\r\n                div[id=\"5414-ms-ewgl-galerie\"] .ewgl_sepboitetranslate {\r\n                    height:2px;\r\n                }\r\n                div[id=\"5414-ms-ewgl-galerie\"] .ewgl_keytitreonglet,\r\n                div[id=\"5414-ms-ewgl-galerie\"] .ewgl_keyonglet,\r\n                div[id=\"5414-ms-ewgl-galerie\"] .ewgl_sepboitetranslate,\r\n                div[id=\"5414-ms-ewgl-galerie\"] .ewgl_boitetranslate,\r\n                div[id=\"5414-ms-ewgl-galerie\"] .ewgl_conteneurkeys.ewgl_border,\r\n                div[id=\"5414-ms-ewgl-galerie\"] .ewgl_conteneurcursors {\r\n                    border-color:rgb(255,255,255);\r\n                    background-color:#FFF;\r\n                }\r\n                div[id=\"5414-ms-ewgl-galerie\"] .ewgl_keyonglet {\r\n                    color:#333;\r\n                }\r\n                div[id=\"5414-ms-ewgl-galerie\"] .ewgl_keyonglet li {\r\n                    border-color: #BBB;\r\n                }\r\n                div[id=\"5414-ms-ewgl-galerie\"] li.ewgl_keylevel.linactif {\r\n                    text-shadow: 1px 1px 1px #FFF;\r\n                }\r\n                div[id=\"5414-ms-ewgl-galerie\"] .ewgl_key.kfixed {\r\n                    color: #E91E63;\r\n                }\r\n            \r\n                div[id=\"5414-ms-ewgl-galerie\"] .ewgl_slider .ewgl_slidersep {\r\n                    border-color: rgb(255,255,255);\r\n                }\r\n                div[id=\"5414-ms-ewgl-galerie\"] .ewgl_media {\r\n                    margin:2px 2px !important;\r\n                    background-color:rgba(0,0,0,0);\r\n                }\r\n                div[id=\"5414-ms-ewgl-galerie\"] .ewgl_media:hover {\r\n                    background-color:rgba(255,255,255,0.9); background-blend-mode:overlay;\r\n                }\r\n                .ie div[id=\"5414-ms-ewgl-galerie\"] .ewgl_media:before {\r\n                    background-color:rgba(0,0,0,0);\r\n                }\r\n                .ie div[id=\"5414-ms-ewgl-galerie\"] .ewgl_media:hover:before {\r\n                    background-color:rgba(255,255,255,0.9);\r\n                }\r\n                div[id=\"5414-ms-ewgl-galerie\"] .ewgl_media, \r\n                div[id=\"5414-ms-ewgl-galerie\"] .ewgl_tooltip, \r\n                .ie div[id=\"5414-ms-ewgl-galerie\"] .ewgl_media:before  {\r\n                    width:265px; \r\n                    height:165px;\r\n                    border-radius:0; \r\n                }\r\n                div[id=\"5414-ms-ewgl-galerie\"] .ewgl_media:hover, \r\n                div[id=\"5414-ms-ewgl-galerie\"] .ewgl_tooltip:hover, \r\n                .ie div[id=\"5414-ms-ewgl-galerie\"] .ewgl_media:hover:before {\r\n                    border-radius:0;\r\n                }\r\n                .ie [id=\"5414-ms-ewgl-galerie\"] .ewgl_tooltip {\r\n                    transform: translateY(-165px);\r\n                }\r\n                div[id=\"5414-ms-ewgl-galerie\"] .ewgl_tooltip div.ewgl_conteneurtitremedia {\r\n                    height:0px;\r\n                    top:165px;\r\n                    background-color: rgba(0,0,0,0.7);\r\n                }\r\n                div[id=\"5414-ms-ewgl-galerie\"] .ewgl_tooltip:hover div.ewgl_conteneurtitremedia {\r\n                    top:165px;\r\n                }\r\n                div[id=\"5414-ms-ewgl-galerie\"] .ewgl_conteneurtitremedia p.ewgl_titre {\r\n                    font-family:Lato; font-style: italic; font-weight: 400; font-size:20px;\r\n                }\r\n                div[id=\"5414-ms-ewgl-galerie\"] .ewgl_conteneurtitremedia p.ewgl_titre {\r\n                    font-family:Lato; font-style: italic; font-weight: 400; font-size:15px;\r\n                }\r\n                div[id=\"5414-ms-ewgl-galerie\"] div[class^=\"ewgl_btnbig\"] {\r\n                    background-color: rgba(255, 255, 255, 0.4);\r\n                }\r\n                div[id=\"5414-ms-ewgl-galerie\"] div[class^=\"ewgl_btnbig\"]:hover {\r\n                    background-color: rgba(0, 0, 0, 0.7);\r\n                }\r\n            <\/style>\r\n            <div class=\"ewgl_sepboitetranslate\"><\/div>\r\n            <div class=\"ewgl_boitetranslate\" style=\"min-height:169px; max-height:338px;\">\r\n                <div class=\"ewgl_conteneurmedias\">\r\n        \r\n                <div class=\"ewgl_media\"  title=\"Foire Exposition Gignac 2018 (Photo 001)\"\r\n                data-idmedia=\"5368\" \r\n                data-keys=\"0\" \r\n                data-content=\"BAEZA Sarl, Paysagiste et P\u00e9pini\u00e8re, Foire Exposition Gignac 2018 (Photo 001)\"\r\n                data-alt=\"BAEZA Sarl, Paysagiste et P\u00e9pini\u00e8re, Foire Exposition Gignac 2018 (Photo 001)\"\r\n                data-detailurl=\"#\"\r\n                data-modeurl=\"_blank\"  \r\n                data-whsmall=\"265x165\" \r\n                data-whfull=\"1600x900\" \r\n                data-src=\"https:\/\/www.baezasarl-paysagiste-pepiniere.fr\/site\/wp-content\/uploads\/BaezaSarl_Blog_FoireExpoGignac2019_PhotoEdition2018-001.jpg\" \r\n                style=\"background-image:url('https:\/\/www.baezasarl-paysagiste-pepiniere.fr\/site\/wp-content\/uploads\/BaezaSarl_Blog_FoireExpoGignac2019_PhotoEdition2018-001-265x165.jpg');\">\r\n                    <div class=\"ewgl_tooltip\">\r\n                        <div class=\"ewgl_conteneurbtnmedia\">\r\n                            <div class=\"ewgl_btnbigopenbox\" title=\"Agrandir\" ><\/div>\r\n                            <div class=\"ewgl_btnbigdetailsmedia\" title=\"Voir plus...\" ><\/div>\r\n                        <\/div>\r\n                    <\/div>\r\n                <\/div>\r\n            \r\n                <div class=\"ewgl_media\"  title=\"Foire Exposition Gignac 2018 (Photo 002)\"\r\n                data-idmedia=\"5369\" \r\n                data-keys=\"0\" \r\n                data-content=\"BAEZA Sarl, Paysagiste et P\u00e9pini\u00e8re, Foire Exposition Gignac 2018 (Photo 002)\"\r\n                data-alt=\"BAEZA Sarl, Paysagiste et P\u00e9pini\u00e8re, Foire Exposition Gignac 2018 (Photo 002)\"\r\n                data-detailurl=\"#\"\r\n                data-modeurl=\"_blank\"  \r\n                data-whsmall=\"265x165\" \r\n                data-whfull=\"1600x900\" \r\n                data-src=\"https:\/\/www.baezasarl-paysagiste-pepiniere.fr\/site\/wp-content\/uploads\/BaezaSarl_Blog_FoireExpoGignac2019_PhotoEdition2018-002.jpg\" \r\n                style=\"background-image:url('https:\/\/www.baezasarl-paysagiste-pepiniere.fr\/site\/wp-content\/uploads\/BaezaSarl_Blog_FoireExpoGignac2019_PhotoEdition2018-002-265x165.jpg');\">\r\n                    <div class=\"ewgl_tooltip\">\r\n                        <div class=\"ewgl_conteneurbtnmedia\">\r\n                            <div class=\"ewgl_btnbigopenbox\" title=\"Agrandir\" ><\/div>\r\n                            <div class=\"ewgl_btnbigdetailsmedia\" title=\"Voir plus...\" ><\/div>\r\n                        <\/div>\r\n                    <\/div>\r\n                <\/div>\r\n            \r\n                <div class=\"ewgl_media\"  title=\"Foire Exposition Gignac 2018 (Photo 003)\"\r\n                data-idmedia=\"5370\" \r\n                data-keys=\"0\" \r\n                data-content=\"BAEZA Sarl, Paysagiste et P\u00e9pini\u00e8re, Foire Exposition Gignac 2018 (Photo 003)\"\r\n                data-alt=\"BAEZA Sarl, Paysagiste et P\u00e9pini\u00e8re, Foire Exposition Gignac 2018 (Photo 003)\"\r\n                data-detailurl=\"#\"\r\n                data-modeurl=\"_blank\"  \r\n                data-whsmall=\"265x165\" \r\n                data-whfull=\"1600x900\" \r\n                data-src=\"https:\/\/www.baezasarl-paysagiste-pepiniere.fr\/site\/wp-content\/uploads\/BaezaSarl_Blog_FoireExpoGignac2019_PhotoEdition2018-003.jpg\" \r\n                style=\"background-image:url('https:\/\/www.baezasarl-paysagiste-pepiniere.fr\/site\/wp-content\/uploads\/BaezaSarl_Blog_FoireExpoGignac2019_PhotoEdition2018-003-265x165.jpg');\">\r\n                    <div class=\"ewgl_tooltip\">\r\n                        <div class=\"ewgl_conteneurbtnmedia\">\r\n                            <div class=\"ewgl_btnbigopenbox\" title=\"Agrandir\" ><\/div>\r\n                            <div class=\"ewgl_btnbigdetailsmedia\" title=\"Voir plus...\" ><\/div>\r\n                        <\/div>\r\n                    <\/div>\r\n                <\/div>\r\n            \r\n                <div class=\"ewgl_media\"  title=\"Foire Exposition Gignac 2018 (Photo 004)\"\r\n                data-idmedia=\"5371\" \r\n                data-keys=\"0\" \r\n                data-content=\"BAEZA Sarl, Paysagiste et P\u00e9pini\u00e8re, Blog Foire Exposition Gignac 2019 (Edition 2018 - Photo 004)\"\r\n                data-alt=\"BAEZA Sarl, Paysagiste et P\u00e9pini\u00e8re, Foire Exposition Gignac 2018 (Photo 004)\"\r\n                data-detailurl=\"#\"\r\n                data-modeurl=\"_blank\"  \r\n                data-whsmall=\"265x165\" \r\n                data-whfull=\"1600x900\" \r\n                data-src=\"https:\/\/www.baezasarl-paysagiste-pepiniere.fr\/site\/wp-content\/uploads\/BaezaSarl_Blog_FoireExpoGignac2019_PhotoEdition2018-004.jpg\" \r\n                style=\"background-image:url('https:\/\/www.baezasarl-paysagiste-pepiniere.fr\/site\/wp-content\/uploads\/BaezaSarl_Blog_FoireExpoGignac2019_PhotoEdition2018-004-265x165.jpg');\">\r\n                    <div class=\"ewgl_tooltip\">\r\n                        <div class=\"ewgl_conteneurbtnmedia\">\r\n                            <div class=\"ewgl_btnbigopenbox\" title=\"Agrandir\" ><\/div>\r\n                            <div class=\"ewgl_btnbigdetailsmedia\" title=\"Voir plus...\" ><\/div>\r\n                        <\/div>\r\n                    <\/div>\r\n                <\/div>\r\n            \r\n                <div class=\"ewgl_media\"  title=\"Foire Exposition Gignac 2018 (Photo 005)\"\r\n                data-idmedia=\"5372\" \r\n                data-keys=\"0\" \r\n                data-content=\"BAEZA Sarl, Paysagiste et P\u00e9pini\u00e8re, Foire Exposition Gignac 2018 (Photo 005)\"\r\n                data-alt=\"BAEZA Sarl, Paysagiste et P\u00e9pini\u00e8re, Foire Exposition Gignac 2018 (Photo 005)\"\r\n                data-detailurl=\"#\"\r\n                data-modeurl=\"_blank\"  \r\n                data-whsmall=\"265x165\" \r\n                data-whfull=\"1600x900\" \r\n                data-src=\"https:\/\/www.baezasarl-paysagiste-pepiniere.fr\/site\/wp-content\/uploads\/BaezaSarl_Blog_FoireExpoGignac2019_PhotoEdition2018-005.jpg\" \r\n                style=\"background-image:url('https:\/\/www.baezasarl-paysagiste-pepiniere.fr\/site\/wp-content\/uploads\/BaezaSarl_Blog_FoireExpoGignac2019_PhotoEdition2018-005-265x165.jpg');\">\r\n                    <div class=\"ewgl_tooltip\">\r\n                        <div class=\"ewgl_conteneurbtnmedia\">\r\n                            <div class=\"ewgl_btnbigopenbox\" title=\"Agrandir\" ><\/div>\r\n                            <div class=\"ewgl_btnbigdetailsmedia\" title=\"Voir plus...\" ><\/div>\r\n                        <\/div>\r\n                    <\/div>\r\n                <\/div>\r\n            \r\n                <div class=\"ewgl_media\"  title=\"Foire Exposition Gignac 2018 (Photo 006)\"\r\n                data-idmedia=\"5373\" \r\n                data-keys=\"0\" \r\n                data-content=\"BAEZA Sarl, Paysagiste et P\u00e9pini\u00e8re, Foire Exposition Gignac 2018 (Photo 006)\"\r\n                data-alt=\"BAEZA Sarl, Paysagiste et P\u00e9pini\u00e8re, Foire Exposition Gignac 2018 (Photo 006)\"\r\n                data-detailurl=\"#\"\r\n                data-modeurl=\"_blank\"  \r\n                data-whsmall=\"265x165\" \r\n                data-whfull=\"1600x900\" \r\n                data-src=\"https:\/\/www.baezasarl-paysagiste-pepiniere.fr\/site\/wp-content\/uploads\/BaezaSarl_Blog_FoireExpoGignac2019_PhotoEdition2018-006.jpg\" \r\n                style=\"background-image:url('https:\/\/www.baezasarl-paysagiste-pepiniere.fr\/site\/wp-content\/uploads\/BaezaSarl_Blog_FoireExpoGignac2019_PhotoEdition2018-006-265x165.jpg');\">\r\n                    <div class=\"ewgl_tooltip\">\r\n                        <div class=\"ewgl_conteneurbtnmedia\">\r\n                            <div class=\"ewgl_btnbigopenbox\" title=\"Agrandir\" ><\/div>\r\n                            <div class=\"ewgl_btnbigdetailsmedia\" title=\"Voir plus...\" ><\/div>\r\n                        <\/div>\r\n                    <\/div>\r\n                <\/div>\r\n            \r\n                <div class=\"ewgl_media\"  title=\"Foire Exposition Gignac 2018 (Photo 007)\"\r\n                data-idmedia=\"5374\" \r\n                data-keys=\"0\" \r\n                data-content=\"BAEZA Sarl, Paysagiste et P\u00e9pini\u00e8re, Foire Exposition Gignac 2018 (Photo 007)\"\r\n                data-alt=\"BAEZA Sarl, Paysagiste et P\u00e9pini\u00e8re, Foire Exposition Gignac 2018 (Photo 007)\"\r\n                data-detailurl=\"#\"\r\n                data-modeurl=\"_blank\"  \r\n                data-whsmall=\"265x165\" \r\n                data-whfull=\"900x1600\" \r\n                data-src=\"https:\/\/www.baezasarl-paysagiste-pepiniere.fr\/site\/wp-content\/uploads\/BaezaSarl_Blog_FoireExpoGignac2019_PhotoEdition2018-007.jpg\" \r\n                style=\"background-image:url('https:\/\/www.baezasarl-paysagiste-pepiniere.fr\/site\/wp-content\/uploads\/BaezaSarl_Blog_FoireExpoGignac2019_PhotoEdition2018-007-265x165.jpg');\">\r\n                    <div class=\"ewgl_tooltip\">\r\n                        <div class=\"ewgl_conteneurbtnmedia\">\r\n                            <div class=\"ewgl_btnbigopenbox\" title=\"Agrandir\" ><\/div>\r\n                            <div class=\"ewgl_btnbigdetailsmedia\" title=\"Voir plus...\" ><\/div>\r\n                        <\/div>\r\n                    <\/div>\r\n                <\/div>\r\n            \r\n                <div class=\"ewgl_media\"  title=\"Foire Exposition Gignac 2018 (Photo 008)\"\r\n                data-idmedia=\"5375\" \r\n                data-keys=\"0\" \r\n                data-content=\"BAEZA Sarl, Paysagiste et P\u00e9pini\u00e8re, Foire Exposition Gignac 2018 (Photo 008)\"\r\n                data-alt=\"BAEZA Sarl, Paysagiste et P\u00e9pini\u00e8re, Foire Exposition Gignac 2018 (Photo 008)\"\r\n                data-detailurl=\"#\"\r\n                data-modeurl=\"_blank\"  \r\n                data-whsmall=\"265x165\" \r\n                data-whfull=\"900x1600\" \r\n                data-src=\"https:\/\/www.baezasarl-paysagiste-pepiniere.fr\/site\/wp-content\/uploads\/BaezaSarl_Blog_FoireExpoGignac2019_PhotoEdition2018-008.jpg\" \r\n                style=\"background-image:url('https:\/\/www.baezasarl-paysagiste-pepiniere.fr\/site\/wp-content\/uploads\/BaezaSarl_Blog_FoireExpoGignac2019_PhotoEdition2018-008-265x165.jpg');\">\r\n                    <div class=\"ewgl_tooltip\">\r\n                        <div class=\"ewgl_conteneurbtnmedia\">\r\n                            <div class=\"ewgl_btnbigopenbox\" title=\"Agrandir\" ><\/div>\r\n                            <div class=\"ewgl_btnbigdetailsmedia\" title=\"Voir plus...\" ><\/div>\r\n                        <\/div>\r\n                    <\/div>\r\n                <\/div>\r\n            \r\n                <div class=\"ewgl_media\"  title=\"Foire Exposition Gignac 2018 (Photo 009)\"\r\n                data-idmedia=\"5376\" \r\n                data-keys=\"0\" \r\n                data-content=\"BAEZA Sarl, Paysagiste et P\u00e9pini\u00e8re, Foire Exposition Gignac 2018 (Photo 009)\"\r\n                data-alt=\"BAEZA Sarl, Paysagiste et P\u00e9pini\u00e8re, Foire Exposition Gignac 2018 (Photo 009)\"\r\n                data-detailurl=\"#\"\r\n                data-modeurl=\"_blank\"  \r\n                data-whsmall=\"265x165\" \r\n                data-whfull=\"1600x900\" \r\n                data-src=\"https:\/\/www.baezasarl-paysagiste-pepiniere.fr\/site\/wp-content\/uploads\/BaezaSarl_Blog_FoireExpoGignac2019_PhotoEdition2018-009.jpg\" \r\n                style=\"background-image:url('https:\/\/www.baezasarl-paysagiste-pepiniere.fr\/site\/wp-content\/uploads\/BaezaSarl_Blog_FoireExpoGignac2019_PhotoEdition2018-009-265x165.jpg');\">\r\n                    <div class=\"ewgl_tooltip\">\r\n                        <div class=\"ewgl_conteneurbtnmedia\">\r\n                            <div class=\"ewgl_btnbigopenbox\" title=\"Agrandir\" ><\/div>\r\n                            <div class=\"ewgl_btnbigdetailsmedia\" title=\"Voir plus...\" ><\/div>\r\n                        <\/div>\r\n                    <\/div>\r\n                <\/div>\r\n            \r\n                <div class=\"ewgl_media\"  title=\"Foire Exposition Gignac 2018 (Photo 010)\"\r\n                data-idmedia=\"5377\" \r\n                data-keys=\"0\" \r\n                data-content=\"BAEZA Sarl, Paysagiste et P\u00e9pini\u00e8re, Foire Exposition Gignac 2018 (Photo 010)\"\r\n                data-alt=\"BAEZA Sarl, Paysagiste et P\u00e9pini\u00e8re, Foire Exposition Gignac 2018 (Photo 010)\"\r\n                data-detailurl=\"#\"\r\n                data-modeurl=\"_blank\"  \r\n                data-whsmall=\"265x165\" \r\n                data-whfull=\"1600x900\" \r\n                data-src=\"https:\/\/www.baezasarl-paysagiste-pepiniere.fr\/site\/wp-content\/uploads\/BaezaSarl_Blog_FoireExpoGignac2019_PhotoEdition2018-010.jpg\" \r\n                style=\"background-image:url('https:\/\/www.baezasarl-paysagiste-pepiniere.fr\/site\/wp-content\/uploads\/BaezaSarl_Blog_FoireExpoGignac2019_PhotoEdition2018-010-265x165.jpg');\">\r\n                    <div class=\"ewgl_tooltip\">\r\n                        <div class=\"ewgl_conteneurbtnmedia\">\r\n                            <div class=\"ewgl_btnbigopenbox\" title=\"Agrandir\" ><\/div>\r\n                            <div class=\"ewgl_btnbigdetailsmedia\" title=\"Voir plus...\" ><\/div>\r\n                        <\/div>\r\n                    <\/div>\r\n                <\/div>\r\n            \r\n                <div class=\"ewgl_media\"  title=\"Foire Exposition Gignac 2018 (Photo 011)\"\r\n                data-idmedia=\"5378\" \r\n                data-keys=\"0\" \r\n                data-content=\"BAEZA Sarl, Paysagiste et P\u00e9pini\u00e8re, Foire Exposition Gignac 2018 (Photo 011)\"\r\n                data-alt=\"BAEZA Sarl, Paysagiste et P\u00e9pini\u00e8re, Foire Exposition Gignac 2018 (Photo 011)\"\r\n                data-detailurl=\"#\"\r\n                data-modeurl=\"_blank\"  \r\n                data-whsmall=\"265x165\" \r\n                data-whfull=\"900x1600\" \r\n                data-src=\"https:\/\/www.baezasarl-paysagiste-pepiniere.fr\/site\/wp-content\/uploads\/BaezaSarl_Blog_FoireExpoGignac2019_PhotoEdition2018-011.jpg\" \r\n                style=\"background-image:url('https:\/\/www.baezasarl-paysagiste-pepiniere.fr\/site\/wp-content\/uploads\/BaezaSarl_Blog_FoireExpoGignac2019_PhotoEdition2018-011-265x165.jpg');\">\r\n                    <div class=\"ewgl_tooltip\">\r\n                        <div class=\"ewgl_conteneurbtnmedia\">\r\n                            <div class=\"ewgl_btnbigopenbox\" title=\"Agrandir\" ><\/div>\r\n                            <div class=\"ewgl_btnbigdetailsmedia\" title=\"Voir plus...\" ><\/div>\r\n                        <\/div>\r\n                    <\/div>\r\n                <\/div>\r\n            \r\n                <div class=\"ewgl_media\"  title=\"Foire Exposition Gignac 2018 (Photo 012)\"\r\n                data-idmedia=\"5379\" \r\n                data-keys=\"0\" \r\n                data-content=\"BAEZA Sarl, Paysagiste et P\u00e9pini\u00e8re, Foire Exposition Gignac 2018 (Photo 012)\"\r\n                data-alt=\"BAEZA Sarl, Paysagiste et P\u00e9pini\u00e8re, Foire Exposition Gignac 2018 (Photo 012)\"\r\n                data-detailurl=\"#\"\r\n                data-modeurl=\"_blank\"  \r\n                data-whsmall=\"265x165\" \r\n                data-whfull=\"900x1600\" \r\n                data-src=\"https:\/\/www.baezasarl-paysagiste-pepiniere.fr\/site\/wp-content\/uploads\/BaezaSarl_Blog_FoireExpoGignac2019_PhotoEdition2018-012.jpg\" \r\n                style=\"background-image:url('https:\/\/www.baezasarl-paysagiste-pepiniere.fr\/site\/wp-content\/uploads\/BaezaSarl_Blog_FoireExpoGignac2019_PhotoEdition2018-012-265x165.jpg');\">\r\n                    <div class=\"ewgl_tooltip\">\r\n                        <div class=\"ewgl_conteneurbtnmedia\">\r\n                            <div class=\"ewgl_btnbigopenbox\" title=\"Agrandir\" ><\/div>\r\n                            <div class=\"ewgl_btnbigdetailsmedia\" title=\"Voir plus...\" ><\/div>\r\n                        <\/div>\r\n                    <\/div>\r\n                <\/div>\r\n            \r\n                <div class=\"ewgl_media\"  title=\"Foire Exposition Gignac 2018 (Photo 013)\"\r\n                data-idmedia=\"5380\" \r\n                data-keys=\"0\" \r\n                data-content=\"BAEZA Sarl, Paysagiste et P\u00e9pini\u00e8re, Foire Exposition Gignac 2018 (Photo 013)\"\r\n                data-alt=\"BAEZA Sarl, Paysagiste et P\u00e9pini\u00e8re, Foire Exposition Gignac 2018 (Photo 013)\"\r\n                data-detailurl=\"#\"\r\n                data-modeurl=\"_blank\"  \r\n                data-whsmall=\"265x165\" \r\n                data-whfull=\"1600x900\" \r\n                data-src=\"https:\/\/www.baezasarl-paysagiste-pepiniere.fr\/site\/wp-content\/uploads\/BaezaSarl_Blog_FoireExpoGignac2019_PhotoEdition2018-013.jpg\" \r\n                style=\"background-image:url('https:\/\/www.baezasarl-paysagiste-pepiniere.fr\/site\/wp-content\/uploads\/BaezaSarl_Blog_FoireExpoGignac2019_PhotoEdition2018-013-265x165.jpg');\">\r\n                    <div class=\"ewgl_tooltip\">\r\n                        <div class=\"ewgl_conteneurbtnmedia\">\r\n                            <div class=\"ewgl_btnbigopenbox\" title=\"Agrandir\" ><\/div>\r\n                            <div class=\"ewgl_btnbigdetailsmedia\" title=\"Voir plus...\" ><\/div>\r\n                        <\/div>\r\n                    <\/div>\r\n                <\/div>\r\n            \r\n                <div class=\"ewgl_media\"  title=\"Foire Exposition Gignac 2018 (Photo 014)\"\r\n                data-idmedia=\"5381\" \r\n                data-keys=\"0\" \r\n                data-content=\"BAEZA Sarl, Paysagiste et P\u00e9pini\u00e8re, Foire Exposition Gignac 2018 (Photo 014)\"\r\n                data-alt=\"BAEZA Sarl, Paysagiste et P\u00e9pini\u00e8re, Foire Exposition Gignac 2018 (Photo 014)\"\r\n                data-detailurl=\"#\"\r\n                data-modeurl=\"_blank\"  \r\n                data-whsmall=\"265x165\" \r\n                data-whfull=\"900x1600\" \r\n                data-src=\"https:\/\/www.baezasarl-paysagiste-pepiniere.fr\/site\/wp-content\/uploads\/BaezaSarl_Blog_FoireExpoGignac2019_PhotoEdition2018-014.jpg\" \r\n                style=\"background-image:url('https:\/\/www.baezasarl-paysagiste-pepiniere.fr\/site\/wp-content\/uploads\/BaezaSarl_Blog_FoireExpoGignac2019_PhotoEdition2018-014-265x165.jpg');\">\r\n                    <div class=\"ewgl_tooltip\">\r\n                        <div class=\"ewgl_conteneurbtnmedia\">\r\n                            <div class=\"ewgl_btnbigopenbox\" title=\"Agrandir\" ><\/div>\r\n                            <div class=\"ewgl_btnbigdetailsmedia\" title=\"Voir plus...\" ><\/div>\r\n                        <\/div>\r\n                    <\/div>\r\n                <\/div>\r\n            \r\n                <div class=\"ewgl_media\"  title=\"Foire Exposition Gignac 2018 (Photo 015)\"\r\n                data-idmedia=\"5382\" \r\n                data-keys=\"0\" \r\n                data-content=\"BAEZA Sarl, Paysagiste et P\u00e9pini\u00e8re, Foire Exposition Gignac 2018 (Photo 015)\"\r\n                data-alt=\"BAEZA Sarl, Paysagiste et P\u00e9pini\u00e8re, Foire Exposition Gignac 2018 (Photo 015)\"\r\n                data-detailurl=\"#\"\r\n                data-modeurl=\"_blank\"  \r\n                data-whsmall=\"265x165\" \r\n                data-whfull=\"900x1600\" \r\n                data-src=\"https:\/\/www.baezasarl-paysagiste-pepiniere.fr\/site\/wp-content\/uploads\/BaezaSarl_Blog_FoireExpoGignac2019_PhotoEdition2018-015.jpg\" \r\n                style=\"background-image:url('https:\/\/www.baezasarl-paysagiste-pepiniere.fr\/site\/wp-content\/uploads\/BaezaSarl_Blog_FoireExpoGignac2019_PhotoEdition2018-015-265x165.jpg');\">\r\n                    <div class=\"ewgl_tooltip\">\r\n                        <div class=\"ewgl_conteneurbtnmedia\">\r\n                            <div class=\"ewgl_btnbigopenbox\" title=\"Agrandir\" ><\/div>\r\n                            <div class=\"ewgl_btnbigdetailsmedia\" title=\"Voir plus...\" ><\/div>\r\n                        <\/div>\r\n                    <\/div>\r\n                <\/div>\r\n            \r\n                <div class=\"ewgl_media\"  title=\"Foire Exposition Gignac 2018 (Photo 016)\"\r\n                data-idmedia=\"5383\" \r\n                data-keys=\"0\" \r\n                data-content=\"BAEZA Sarl, Paysagiste et P\u00e9pini\u00e8re, Foire Exposition Gignac 2018 (Photo 016)\"\r\n                data-alt=\"BAEZA Sarl, Paysagiste et P\u00e9pini\u00e8re, Foire Exposition Gignac 2018 (Photo 016)\"\r\n                data-detailurl=\"#\"\r\n                data-modeurl=\"_blank\"  \r\n                data-whsmall=\"265x165\" \r\n                data-whfull=\"900x1600\" \r\n                data-src=\"https:\/\/www.baezasarl-paysagiste-pepiniere.fr\/site\/wp-content\/uploads\/BaezaSarl_Blog_FoireExpoGignac2019_PhotoEdition2018-016.jpg\" \r\n                style=\"background-image:url('https:\/\/www.baezasarl-paysagiste-pepiniere.fr\/site\/wp-content\/uploads\/BaezaSarl_Blog_FoireExpoGignac2019_PhotoEdition2018-016-265x165.jpg');\">\r\n                    <div class=\"ewgl_tooltip\">\r\n                        <div class=\"ewgl_conteneurbtnmedia\">\r\n                            <div class=\"ewgl_btnbigopenbox\" title=\"Agrandir\" ><\/div>\r\n                            <div class=\"ewgl_btnbigdetailsmedia\" title=\"Voir plus...\" ><\/div>\r\n                        <\/div>\r\n                    <\/div>\r\n                <\/div>\r\n            \r\n                <div class=\"ewgl_media\"  title=\"Foire Exposition Gignac 2018 (Photo 017)\"\r\n                data-idmedia=\"5384\" \r\n                data-keys=\"0\" \r\n                data-content=\"BAEZA Sarl, Paysagiste et P\u00e9pini\u00e8re, Foire Exposition Gignac 2018 (Photo 017)\"\r\n                data-alt=\"BAEZA Sarl, Paysagiste et P\u00e9pini\u00e8re, Foire Exposition Gignac 2018 (Photo 017)\"\r\n                data-detailurl=\"#\"\r\n                data-modeurl=\"_blank\"  \r\n                data-whsmall=\"265x165\" \r\n                data-whfull=\"900x1600\" \r\n                data-src=\"https:\/\/www.baezasarl-paysagiste-pepiniere.fr\/site\/wp-content\/uploads\/BaezaSarl_Blog_FoireExpoGignac2019_PhotoEdition2018-017.jpg\" \r\n                style=\"background-image:url('https:\/\/www.baezasarl-paysagiste-pepiniere.fr\/site\/wp-content\/uploads\/BaezaSarl_Blog_FoireExpoGignac2019_PhotoEdition2018-017-265x165.jpg');\">\r\n                    <div class=\"ewgl_tooltip\">\r\n                        <div class=\"ewgl_conteneurbtnmedia\">\r\n                            <div class=\"ewgl_btnbigopenbox\" title=\"Agrandir\" ><\/div>\r\n                            <div class=\"ewgl_btnbigdetailsmedia\" title=\"Voir plus...\" ><\/div>\r\n                        <\/div>\r\n                    <\/div>\r\n                <\/div>\r\n            \r\n                <div class=\"ewgl_media\"  title=\"Foire Exposition Gignac 2018 (Photo 018)\"\r\n                data-idmedia=\"5385\" \r\n                data-keys=\"0\" \r\n                data-content=\"BAEZA Sarl, Paysagiste et P\u00e9pini\u00e8re, Foire Exposition Gignac 2018 (Photo 018)\"\r\n                data-alt=\"BAEZA Sarl, Paysagiste et P\u00e9pini\u00e8re, Foire Exposition Gignac 2018 (Photo 018)\"\r\n                data-detailurl=\"#\"\r\n                data-modeurl=\"_blank\"  \r\n                data-whsmall=\"265x165\" \r\n                data-whfull=\"900x1600\" \r\n                data-src=\"https:\/\/www.baezasarl-paysagiste-pepiniere.fr\/site\/wp-content\/uploads\/BaezaSarl_Blog_FoireExpoGignac2019_PhotoEdition2018-018.jpg\" \r\n                style=\"background-image:url('https:\/\/www.baezasarl-paysagiste-pepiniere.fr\/site\/wp-content\/uploads\/BaezaSarl_Blog_FoireExpoGignac2019_PhotoEdition2018-018-265x165.jpg');\">\r\n                    <div class=\"ewgl_tooltip\">\r\n                        <div class=\"ewgl_conteneurbtnmedia\">\r\n                            <div class=\"ewgl_btnbigopenbox\" title=\"Agrandir\" ><\/div>\r\n                            <div class=\"ewgl_btnbigdetailsmedia\" title=\"Voir plus...\" ><\/div>\r\n                        <\/div>\r\n                    <\/div>\r\n                <\/div>\r\n            \r\n                <div class=\"ewgl_media\"  title=\"Foire Exposition Gignac 2018 (Photo 019)\"\r\n                data-idmedia=\"5386\" \r\n                data-keys=\"0\" \r\n                data-content=\"BAEZA Sarl, Paysagiste et P\u00e9pini\u00e8re, Foire Exposition Gignac 2018 (Photo 019)\"\r\n                data-alt=\"BAEZA Sarl, Paysagiste et P\u00e9pini\u00e8re, Foire Exposition Gignac 2018 (Photo 019)\"\r\n                data-detailurl=\"#\"\r\n                data-modeurl=\"_blank\"  \r\n                data-whsmall=\"265x165\" \r\n                data-whfull=\"900x1600\" \r\n                data-src=\"https:\/\/www.baezasarl-paysagiste-pepiniere.fr\/site\/wp-content\/uploads\/BaezaSarl_Blog_FoireExpoGignac2019_PhotoEdition2018-019.jpg\" \r\n                style=\"background-image:url('https:\/\/www.baezasarl-paysagiste-pepiniere.fr\/site\/wp-content\/uploads\/BaezaSarl_Blog_FoireExpoGignac2019_PhotoEdition2018-019-265x165.jpg');\">\r\n                    <div class=\"ewgl_tooltip\">\r\n                        <div class=\"ewgl_conteneurbtnmedia\">\r\n                            <div class=\"ewgl_btnbigopenbox\" title=\"Agrandir\" ><\/div>\r\n                            <div class=\"ewgl_btnbigdetailsmedia\" title=\"Voir plus...\" ><\/div>\r\n                        <\/div>\r\n                    <\/div>\r\n                <\/div>\r\n            \r\n                <div class=\"ewgl_media\"  title=\"Foire Exposition Gignac 2018 (Photo 020)\"\r\n                data-idmedia=\"5387\" \r\n                data-keys=\"0\" \r\n                data-content=\"BAEZA Sarl, Paysagiste et P\u00e9pini\u00e8re, Foire Exposition Gignac 2018 (Photo 020)\"\r\n                data-alt=\"BAEZA Sarl, Paysagiste et P\u00e9pini\u00e8re, Foire Exposition Gignac 2018 (Photo 020)\"\r\n                data-detailurl=\"#\"\r\n                data-modeurl=\"_blank\"  \r\n                data-whsmall=\"265x165\" \r\n                data-whfull=\"1600x900\" \r\n                data-src=\"https:\/\/www.baezasarl-paysagiste-pepiniere.fr\/site\/wp-content\/uploads\/BaezaSarl_Blog_FoireExpoGignac2019_PhotoEdition2018-020.jpg\" \r\n                style=\"background-image:url('https:\/\/www.baezasarl-paysagiste-pepiniere.fr\/site\/wp-content\/uploads\/BaezaSarl_Blog_FoireExpoGignac2019_PhotoEdition2018-020-265x165.jpg');\">\r\n                    <div class=\"ewgl_tooltip\">\r\n                        <div class=\"ewgl_conteneurbtnmedia\">\r\n                            <div class=\"ewgl_btnbigopenbox\" title=\"Agrandir\" ><\/div>\r\n                            <div class=\"ewgl_btnbigdetailsmedia\" title=\"Voir plus...\" ><\/div>\r\n                        <\/div>\r\n                    <\/div>\r\n                <\/div>\r\n            \r\n                <div class=\"ewgl_media\"  title=\"Foire Exposition Gignac 2018 (Photo 021)\"\r\n                data-idmedia=\"5388\" \r\n                data-keys=\"0\" \r\n                data-content=\"BAEZA Sarl, Paysagiste et P\u00e9pini\u00e8re, Foire Exposition Gignac 2018 (Photo 021)\"\r\n                data-alt=\"BAEZA Sarl, Paysagiste et P\u00e9pini\u00e8re, Foire Exposition Gignac 2018 (Photo 021)\"\r\n                data-detailurl=\"#\"\r\n                data-modeurl=\"_blank\"  \r\n                data-whsmall=\"265x165\" \r\n                data-whfull=\"1600x900\" \r\n                data-src=\"https:\/\/www.baezasarl-paysagiste-pepiniere.fr\/site\/wp-content\/uploads\/BaezaSarl_Blog_FoireExpoGignac2019_PhotoEdition2018-021.jpg\" \r\n                style=\"background-image:url('https:\/\/www.baezasarl-paysagiste-pepiniere.fr\/site\/wp-content\/uploads\/BaezaSarl_Blog_FoireExpoGignac2019_PhotoEdition2018-021-265x165.jpg');\">\r\n                    <div class=\"ewgl_tooltip\">\r\n                        <div class=\"ewgl_conteneurbtnmedia\">\r\n                            <div class=\"ewgl_btnbigopenbox\" title=\"Agrandir\" ><\/div>\r\n                            <div class=\"ewgl_btnbigdetailsmedia\" title=\"Voir plus...\" ><\/div>\r\n                        <\/div>\r\n                    <\/div>\r\n                <\/div>\r\n            \r\n                <div class=\"ewgl_media\"  title=\"Foire Exposition Gignac 2018 (Photo 022)\"\r\n                data-idmedia=\"5389\" \r\n                data-keys=\"0\" \r\n                data-content=\"BAEZA Sarl, Paysagiste et P\u00e9pini\u00e8re, Foire Exposition Gignac 2018 (Photo 022)\"\r\n                data-alt=\"BAEZA Sarl, Paysagiste et P\u00e9pini\u00e8re, Foire Exposition Gignac 2018 (Photo 022)\"\r\n                data-detailurl=\"#\"\r\n                data-modeurl=\"_blank\"  \r\n                data-whsmall=\"265x165\" \r\n                data-whfull=\"900x1600\" \r\n                data-src=\"https:\/\/www.baezasarl-paysagiste-pepiniere.fr\/site\/wp-content\/uploads\/BaezaSarl_Blog_FoireExpoGignac2019_PhotoEdition2018-022.jpg\" \r\n                style=\"background-image:url('https:\/\/www.baezasarl-paysagiste-pepiniere.fr\/site\/wp-content\/uploads\/BaezaSarl_Blog_FoireExpoGignac2019_PhotoEdition2018-022-265x165.jpg');\">\r\n                    <div class=\"ewgl_tooltip\">\r\n                        <div class=\"ewgl_conteneurbtnmedia\">\r\n                            <div class=\"ewgl_btnbigopenbox\" title=\"Agrandir\" ><\/div>\r\n                            <div class=\"ewgl_btnbigdetailsmedia\" title=\"Voir plus...\" ><\/div>\r\n                        <\/div>\r\n                    <\/div>\r\n                <\/div>\r\n            \r\n                <div class=\"ewgl_media\"  title=\"Foire Exposition Gignac 2018 (Photo 023)\"\r\n                data-idmedia=\"5390\" \r\n                data-keys=\"0\" \r\n                data-content=\"BAEZA Sarl, Paysagiste et P\u00e9pini\u00e8re, Foire Exposition Gignac 2018 (Photo 023)\"\r\n                data-alt=\"BAEZA Sarl, Paysagiste et P\u00e9pini\u00e8re, Foire Exposition Gignac 2018 (Photo 023)\"\r\n                data-detailurl=\"#\"\r\n                data-modeurl=\"_blank\"  \r\n                data-whsmall=\"265x165\" \r\n                data-whfull=\"1600x900\" \r\n                data-src=\"https:\/\/www.baezasarl-paysagiste-pepiniere.fr\/site\/wp-content\/uploads\/BaezaSarl_Blog_FoireExpoGignac2019_PhotoEdition2018-023.jpg\" \r\n                style=\"background-image:url('https:\/\/www.baezasarl-paysagiste-pepiniere.fr\/site\/wp-content\/uploads\/BaezaSarl_Blog_FoireExpoGignac2019_PhotoEdition2018-023-265x165.jpg');\">\r\n                    <div class=\"ewgl_tooltip\">\r\n                        <div class=\"ewgl_conteneurbtnmedia\">\r\n                            <div class=\"ewgl_btnbigopenbox\" title=\"Agrandir\" ><\/div>\r\n                            <div class=\"ewgl_btnbigdetailsmedia\" title=\"Voir plus...\" ><\/div>\r\n                        <\/div>\r\n                    <\/div>\r\n                <\/div>\r\n            \r\n                <div class=\"ewgl_media\"  title=\"Foire Exposition Gignac 2018 (Photo 024)\"\r\n                data-idmedia=\"5391\" \r\n                data-keys=\"0\" \r\n                data-content=\"BAEZA Sarl, Paysagiste et P\u00e9pini\u00e8re, Foire Exposition Gignac 2018 (Photo 024)\"\r\n                data-alt=\"BAEZA Sarl, Paysagiste et P\u00e9pini\u00e8re, Foire Exposition Gignac 2018 (Photo 024)\"\r\n                data-detailurl=\"#\"\r\n                data-modeurl=\"_blank\"  \r\n                data-whsmall=\"265x165\" \r\n                data-whfull=\"1600x900\" \r\n                data-src=\"https:\/\/www.baezasarl-paysagiste-pepiniere.fr\/site\/wp-content\/uploads\/BaezaSarl_Blog_FoireExpoGignac2019_PhotoEdition2018-024.jpg\" \r\n                style=\"background-image:url('https:\/\/www.baezasarl-paysagiste-pepiniere.fr\/site\/wp-content\/uploads\/BaezaSarl_Blog_FoireExpoGignac2019_PhotoEdition2018-024-265x165.jpg');\">\r\n                    <div class=\"ewgl_tooltip\">\r\n                        <div class=\"ewgl_conteneurbtnmedia\">\r\n                            <div class=\"ewgl_btnbigopenbox\" title=\"Agrandir\" ><\/div>\r\n                            <div class=\"ewgl_btnbigdetailsmedia\" title=\"Voir plus...\" ><\/div>\r\n                        <\/div>\r\n                    <\/div>\r\n                <\/div>\r\n            \r\n                <div class=\"ewgl_media\"  title=\"Foire Exposition Gignac 2018 (Photo 025)\"\r\n                data-idmedia=\"5392\" \r\n                data-keys=\"0\" \r\n                data-content=\"BAEZA Sarl, Paysagiste et P\u00e9pini\u00e8re, Foire Exposition Gignac 2018 (Photo 025)\"\r\n                data-alt=\"BAEZA Sarl, Paysagiste et P\u00e9pini\u00e8re, Foire Exposition Gignac 2018 (Photo 025)\"\r\n                data-detailurl=\"#\"\r\n                data-modeurl=\"_blank\"  \r\n                data-whsmall=\"265x165\" \r\n                data-whfull=\"1600x900\" \r\n                data-src=\"https:\/\/www.baezasarl-paysagiste-pepiniere.fr\/site\/wp-content\/uploads\/BaezaSarl_Blog_FoireExpoGignac2019_PhotoEdition2018-025.jpg\" \r\n                style=\"background-image:url('https:\/\/www.baezasarl-paysagiste-pepiniere.fr\/site\/wp-content\/uploads\/BaezaSarl_Blog_FoireExpoGignac2019_PhotoEdition2018-025-265x165.jpg');\">\r\n                    <div class=\"ewgl_tooltip\">\r\n                        <div class=\"ewgl_conteneurbtnmedia\">\r\n                            <div class=\"ewgl_btnbigopenbox\" title=\"Agrandir\" ><\/div>\r\n                            <div class=\"ewgl_btnbigdetailsmedia\" title=\"Voir plus...\" ><\/div>\r\n                        <\/div>\r\n                    <\/div>\r\n                <\/div>\r\n            \r\n                <div class=\"ewgl_media\"  title=\"Foire Exposition Gignac 2018 (Photo 026)\"\r\n                data-idmedia=\"5393\" \r\n                data-keys=\"0\" \r\n                data-content=\"BAEZA Sarl, Paysagiste et P\u00e9pini\u00e8re, Foire Exposition Gignac 2018 (Photo 026)\"\r\n                data-alt=\"BAEZA Sarl, Paysagiste et P\u00e9pini\u00e8re, Foire Exposition Gignac 2018 (Photo 026)\"\r\n                data-detailurl=\"#\"\r\n                data-modeurl=\"_blank\"  \r\n                data-whsmall=\"265x165\" \r\n                data-whfull=\"900x1600\" \r\n                data-src=\"https:\/\/www.baezasarl-paysagiste-pepiniere.fr\/site\/wp-content\/uploads\/BaezaSarl_Blog_FoireExpoGignac2019_PhotoEdition2018-026.jpg\" \r\n                style=\"background-image:url('https:\/\/www.baezasarl-paysagiste-pepiniere.fr\/site\/wp-content\/uploads\/BaezaSarl_Blog_FoireExpoGignac2019_PhotoEdition2018-026-265x165.jpg');\">\r\n                    <div class=\"ewgl_tooltip\">\r\n                        <div class=\"ewgl_conteneurbtnmedia\">\r\n                            <div class=\"ewgl_btnbigopenbox\" title=\"Agrandir\" ><\/div>\r\n                            <div class=\"ewgl_btnbigdetailsmedia\" title=\"Voir plus...\" ><\/div>\r\n                        <\/div>\r\n                    <\/div>\r\n                <\/div>\r\n            \r\n                <div class=\"ewgl_media\"  title=\"Foire Exposition Gignac 2018 (Photo 027)\"\r\n                data-idmedia=\"5394\" \r\n                data-keys=\"0\" \r\n                data-content=\"BAEZA Sarl, Paysagiste et P\u00e9pini\u00e8re, Foire Exposition Gignac 2018 (Photo 027)\"\r\n                data-alt=\"BAEZA Sarl, Paysagiste et P\u00e9pini\u00e8re, Foire Exposition Gignac 2018 (Photo 027)\"\r\n                data-detailurl=\"#\"\r\n                data-modeurl=\"_blank\"  \r\n                data-whsmall=\"265x165\" \r\n                data-whfull=\"900x1600\" \r\n                data-src=\"https:\/\/www.baezasarl-paysagiste-pepiniere.fr\/site\/wp-content\/uploads\/BaezaSarl_Blog_FoireExpoGignac2019_PhotoEdition2018-027.jpg\" \r\n                style=\"background-image:url('https:\/\/www.baezasarl-paysagiste-pepiniere.fr\/site\/wp-content\/uploads\/BaezaSarl_Blog_FoireExpoGignac2019_PhotoEdition2018-027-265x165.jpg');\">\r\n                    <div class=\"ewgl_tooltip\">\r\n                        <div class=\"ewgl_conteneurbtnmedia\">\r\n                            <div class=\"ewgl_btnbigopenbox\" title=\"Agrandir\" ><\/div>\r\n                            <div class=\"ewgl_btnbigdetailsmedia\" title=\"Voir plus...\" ><\/div>\r\n                        <\/div>\r\n                    <\/div>\r\n                <\/div>\r\n            \r\n                <div class=\"ewgl_media\"  title=\"Foire Exposition Gignac 2018 (Photo 028)\"\r\n                data-idmedia=\"5395\" \r\n                data-keys=\"0\" \r\n                data-content=\"BAEZA Sarl, Paysagiste et P\u00e9pini\u00e8re, Foire Exposition Gignac 2018 (Photo 028)\"\r\n                data-alt=\"BAEZA Sarl, Paysagiste et P\u00e9pini\u00e8re, Foire Exposition Gignac 2018 (Photo 028)\"\r\n                data-detailurl=\"#\"\r\n                data-modeurl=\"_blank\"  \r\n                data-whsmall=\"265x165\" \r\n                data-whfull=\"900x1600\" \r\n                data-src=\"https:\/\/www.baezasarl-paysagiste-pepiniere.fr\/site\/wp-content\/uploads\/BaezaSarl_Blog_FoireExpoGignac2019_PhotoEdition2018-028.jpg\" \r\n                style=\"background-image:url('https:\/\/www.baezasarl-paysagiste-pepiniere.fr\/site\/wp-content\/uploads\/BaezaSarl_Blog_FoireExpoGignac2019_PhotoEdition2018-028-265x165.jpg');\">\r\n                    <div class=\"ewgl_tooltip\">\r\n                        <div class=\"ewgl_conteneurbtnmedia\">\r\n                            <div class=\"ewgl_btnbigopenbox\" title=\"Agrandir\" ><\/div>\r\n                            <div class=\"ewgl_btnbigdetailsmedia\" title=\"Voir plus...\" ><\/div>\r\n                        <\/div>\r\n                    <\/div>\r\n                <\/div>\r\n            \r\n                <div class=\"ewgl_media\"  title=\"Foire Exposition Gignac 2018 (Photo 029)\"\r\n                data-idmedia=\"5396\" \r\n                data-keys=\"0\" \r\n                data-content=\"BAEZA Sarl, Paysagiste et P\u00e9pini\u00e8re, Foire Exposition Gignac 2018 (Photo 029)\"\r\n                data-alt=\"BAEZA Sarl, Paysagiste et P\u00e9pini\u00e8re, Foire Exposition Gignac 2018 (Photo 029)\"\r\n                data-detailurl=\"#\"\r\n                data-modeurl=\"_blank\"  \r\n                data-whsmall=\"265x165\" \r\n                data-whfull=\"1600x900\" \r\n                data-src=\"https:\/\/www.baezasarl-paysagiste-pepiniere.fr\/site\/wp-content\/uploads\/BaezaSarl_Blog_FoireExpoGignac2019_PhotoEdition2018-029.jpg\" \r\n                style=\"background-image:url('https:\/\/www.baezasarl-paysagiste-pepiniere.fr\/site\/wp-content\/uploads\/BaezaSarl_Blog_FoireExpoGignac2019_PhotoEdition2018-029-265x165.jpg');\">\r\n                    <div class=\"ewgl_tooltip\">\r\n                        <div class=\"ewgl_conteneurbtnmedia\">\r\n                            <div class=\"ewgl_btnbigopenbox\" title=\"Agrandir\" ><\/div>\r\n                            <div class=\"ewgl_btnbigdetailsmedia\" title=\"Voir plus...\" ><\/div>\r\n                        <\/div>\r\n                    <\/div>\r\n                <\/div>\r\n            \r\n                <div class=\"ewgl_media\"  title=\"Foire Exposition Gignac 2018 (Photo 030)\"\r\n                data-idmedia=\"5397\" \r\n                data-keys=\"0\" \r\n                data-content=\"BAEZA Sarl, Paysagiste et P\u00e9pini\u00e8re, Foire Exposition Gignac 2018 (Photo 030)\"\r\n                data-alt=\"BAEZA Sarl, Paysagiste et P\u00e9pini\u00e8re, Foire Exposition Gignac 2018 (Photo 030)\"\r\n                data-detailurl=\"#\"\r\n                data-modeurl=\"_blank\"  \r\n                data-whsmall=\"265x165\" \r\n                data-whfull=\"1600x900\" \r\n                data-src=\"https:\/\/www.baezasarl-paysagiste-pepiniere.fr\/site\/wp-content\/uploads\/BaezaSarl_Blog_FoireExpoGignac2019_PhotoEdition2018-030.jpg\" \r\n                style=\"background-image:url('https:\/\/www.baezasarl-paysagiste-pepiniere.fr\/site\/wp-content\/uploads\/BaezaSarl_Blog_FoireExpoGignac2019_PhotoEdition2018-030-265x165.jpg');\">\r\n                    <div class=\"ewgl_tooltip\">\r\n                        <div class=\"ewgl_conteneurbtnmedia\">\r\n                            <div class=\"ewgl_btnbigopenbox\" title=\"Agrandir\" ><\/div>\r\n                            <div class=\"ewgl_btnbigdetailsmedia\" title=\"Voir plus...\" ><\/div>\r\n                        <\/div>\r\n                    <\/div>\r\n                <\/div>\r\n            \r\n                <div class=\"ewgl_media\"  title=\"Foire Exposition Gignac 2018 (Photo 031)\"\r\n                data-idmedia=\"5398\" \r\n                data-keys=\"0\" \r\n                data-content=\"BAEZA Sarl, Paysagiste et P\u00e9pini\u00e8re, Foire Exposition Gignac 2018 (Photo 031)\"\r\n                data-alt=\"BAEZA Sarl, Paysagiste et P\u00e9pini\u00e8re, Foire Exposition Gignac 2018 (Photo 031)\"\r\n                data-detailurl=\"#\"\r\n                data-modeurl=\"_blank\"  \r\n                data-whsmall=\"265x165\" \r\n                data-whfull=\"1600x900\" \r\n                data-src=\"https:\/\/www.baezasarl-paysagiste-pepiniere.fr\/site\/wp-content\/uploads\/BaezaSarl_Blog_FoireExpoGignac2019_PhotoEdition2018-031.jpg\" \r\n                style=\"background-image:url('https:\/\/www.baezasarl-paysagiste-pepiniere.fr\/site\/wp-content\/uploads\/BaezaSarl_Blog_FoireExpoGignac2019_PhotoEdition2018-031-265x165.jpg');\">\r\n                    <div class=\"ewgl_tooltip\">\r\n                        <div class=\"ewgl_conteneurbtnmedia\">\r\n                            <div class=\"ewgl_btnbigopenbox\" title=\"Agrandir\" ><\/div>\r\n                            <div class=\"ewgl_btnbigdetailsmedia\" title=\"Voir plus...\" ><\/div>\r\n                        <\/div>\r\n                    <\/div>\r\n                <\/div>\r\n            \r\n                <div class=\"ewgl_media\"  title=\"Foire Exposition Gignac 2018 (Photo 032)\"\r\n                data-idmedia=\"5399\" \r\n                data-keys=\"0\" \r\n                data-content=\"BAEZA Sarl, Paysagiste et P\u00e9pini\u00e8re, Foire Exposition Gignac 2018 (Photo 032)\"\r\n                data-alt=\"BAEZA Sarl, Paysagiste et P\u00e9pini\u00e8re, Foire Exposition Gignac 2018 (Photo 032)\"\r\n                data-detailurl=\"#\"\r\n                data-modeurl=\"_blank\"  \r\n                data-whsmall=\"265x165\" \r\n                data-whfull=\"1600x900\" \r\n                data-src=\"https:\/\/www.baezasarl-paysagiste-pepiniere.fr\/site\/wp-content\/uploads\/BaezaSarl_Blog_FoireExpoGignac2019_PhotoEdition2018-032.jpg\" \r\n                style=\"background-image:url('https:\/\/www.baezasarl-paysagiste-pepiniere.fr\/site\/wp-content\/uploads\/BaezaSarl_Blog_FoireExpoGignac2019_PhotoEdition2018-032-265x165.jpg');\">\r\n                    <div class=\"ewgl_tooltip\">\r\n                        <div class=\"ewgl_conteneurbtnmedia\">\r\n                            <div class=\"ewgl_btnbigopenbox\" title=\"Agrandir\" ><\/div>\r\n                            <div class=\"ewgl_btnbigdetailsmedia\" title=\"Voir plus...\" ><\/div>\r\n                        <\/div>\r\n                    <\/div>\r\n                <\/div>\r\n            \r\n                <div class=\"ewgl_media\"  title=\"Foire Exposition Gignac 2018 (Photo 033)\"\r\n                data-idmedia=\"5400\" \r\n                data-keys=\"0\" \r\n                data-content=\"BAEZA Sarl, Paysagiste et P\u00e9pini\u00e8re, Foire Exposition Gignac 2018 (Photo 033)\"\r\n                data-alt=\"BAEZA Sarl, Paysagiste et P\u00e9pini\u00e8re, Foire Exposition Gignac 2018 (Photo 033)\"\r\n                data-detailurl=\"#\"\r\n                data-modeurl=\"_blank\"  \r\n                data-whsmall=\"265x165\" \r\n                data-whfull=\"1600x900\" \r\n                data-src=\"https:\/\/www.baezasarl-paysagiste-pepiniere.fr\/site\/wp-content\/uploads\/BaezaSarl_Blog_FoireExpoGignac2019_PhotoEdition2018-033.jpg\" \r\n                style=\"background-image:url('https:\/\/www.baezasarl-paysagiste-pepiniere.fr\/site\/wp-content\/uploads\/BaezaSarl_Blog_FoireExpoGignac2019_PhotoEdition2018-033-265x165.jpg');\">\r\n                    <div class=\"ewgl_tooltip\">\r\n                        <div class=\"ewgl_conteneurbtnmedia\">\r\n                            <div class=\"ewgl_btnbigopenbox\" title=\"Agrandir\" ><\/div>\r\n                            <div class=\"ewgl_btnbigdetailsmedia\" title=\"Voir plus...\" ><\/div>\r\n                        <\/div>\r\n                    <\/div>\r\n                <\/div>\r\n            \r\n                <div class=\"ewgl_media\"  title=\"Foire Exposition Gignac 2018 (Photo 034)\"\r\n                data-idmedia=\"5401\" \r\n                data-keys=\"0\" \r\n                data-content=\"BAEZA Sarl, Paysagiste et P\u00e9pini\u00e8re, Foire Exposition Gignac 2018 (Photo 034)\"\r\n                data-alt=\"BAEZA Sarl, Paysagiste et P\u00e9pini\u00e8re, Foire Exposition Gignac 2018 (Photo 034)\"\r\n                data-detailurl=\"#\"\r\n                data-modeurl=\"_blank\"  \r\n                data-whsmall=\"265x165\" \r\n                data-whfull=\"900x1600\" \r\n                data-src=\"https:\/\/www.baezasarl-paysagiste-pepiniere.fr\/site\/wp-content\/uploads\/BaezaSarl_Blog_FoireExpoGignac2019_PhotoEdition2018-034.jpg\" \r\n                style=\"background-image:url('https:\/\/www.baezasarl-paysagiste-pepiniere.fr\/site\/wp-content\/uploads\/BaezaSarl_Blog_FoireExpoGignac2019_PhotoEdition2018-034-265x165.jpg');\">\r\n                    <div class=\"ewgl_tooltip\">\r\n                        <div class=\"ewgl_conteneurbtnmedia\">\r\n                            <div class=\"ewgl_btnbigopenbox\" title=\"Agrandir\" ><\/div>\r\n                            <div class=\"ewgl_btnbigdetailsmedia\" title=\"Voir plus...\" ><\/div>\r\n                        <\/div>\r\n                    <\/div>\r\n                <\/div>\r\n            \r\n                <div class=\"ewgl_media\"  title=\"Foire Exposition Gignac 2018 (Photo 035)\"\r\n                data-idmedia=\"5402\" \r\n                data-keys=\"0\" \r\n                data-content=\"BAEZA Sarl, Paysagiste et P\u00e9pini\u00e8re, Foire Exposition Gignac 2018 (Photo 035)\"\r\n                data-alt=\"BAEZA Sarl, Paysagiste et P\u00e9pini\u00e8re, Foire Exposition Gignac 2018 (Photo 035)\"\r\n                data-detailurl=\"#\"\r\n                data-modeurl=\"_blank\"  \r\n                data-whsmall=\"265x165\" \r\n                data-whfull=\"900x1600\" \r\n                data-src=\"https:\/\/www.baezasarl-paysagiste-pepiniere.fr\/site\/wp-content\/uploads\/BaezaSarl_Blog_FoireExpoGignac2019_PhotoEdition2018-035.jpg\" \r\n                style=\"background-image:url('https:\/\/www.baezasarl-paysagiste-pepiniere.fr\/site\/wp-content\/uploads\/BaezaSarl_Blog_FoireExpoGignac2019_PhotoEdition2018-035-265x165.jpg');\">\r\n                    <div class=\"ewgl_tooltip\">\r\n                        <div class=\"ewgl_conteneurbtnmedia\">\r\n                            <div class=\"ewgl_btnbigopenbox\" title=\"Agrandir\" ><\/div>\r\n                            <div class=\"ewgl_btnbigdetailsmedia\" title=\"Voir plus...\" ><\/div>\r\n                        <\/div>\r\n                    <\/div>\r\n                <\/div>\r\n            \r\n                <div class=\"ewgl_media\"  title=\"Foire Exposition Gignac 2018 (Photo 036)\"\r\n                data-idmedia=\"5403\" \r\n                data-keys=\"0\" \r\n                data-content=\"BAEZA Sarl, Paysagiste et P\u00e9pini\u00e8re, Foire Exposition Gignac 2018 (Photo 036)\"\r\n                data-alt=\"BAEZA Sarl, Paysagiste et P\u00e9pini\u00e8re, Foire Exposition Gignac 2018 (Photo 036)\"\r\n                data-detailurl=\"#\"\r\n                data-modeurl=\"_blank\"  \r\n                data-whsmall=\"265x165\" \r\n                data-whfull=\"900x1600\" \r\n                data-src=\"https:\/\/www.baezasarl-paysagiste-pepiniere.fr\/site\/wp-content\/uploads\/BaezaSarl_Blog_FoireExpoGignac2019_PhotoEdition2018-036.jpg\" \r\n                style=\"background-image:url('https:\/\/www.baezasarl-paysagiste-pepiniere.fr\/site\/wp-content\/uploads\/BaezaSarl_Blog_FoireExpoGignac2019_PhotoEdition2018-036-265x165.jpg');\">\r\n                    <div class=\"ewgl_tooltip\">\r\n                        <div class=\"ewgl_conteneurbtnmedia\">\r\n                            <div class=\"ewgl_btnbigopenbox\" title=\"Agrandir\" ><\/div>\r\n                            <div class=\"ewgl_btnbigdetailsmedia\" title=\"Voir plus...\" ><\/div>\r\n                        <\/div>\r\n                    <\/div>\r\n                <\/div>\r\n            \r\n                <div class=\"ewgl_media\"  title=\"Foire Exposition Gignac 2018 (Photo 037)\"\r\n                data-idmedia=\"5404\" \r\n                data-keys=\"0\" \r\n                data-content=\"BAEZA Sarl, Paysagiste et P\u00e9pini\u00e8re, Foire Exposition Gignac 2018 (Photo 037)\"\r\n                data-alt=\"BAEZA Sarl, Paysagiste et P\u00e9pini\u00e8re, Foire Exposition Gignac 2018 (Photo 037)\"\r\n                data-detailurl=\"#\"\r\n                data-modeurl=\"_blank\"  \r\n                data-whsmall=\"265x165\" \r\n                data-whfull=\"1600x900\" \r\n                data-src=\"https:\/\/www.baezasarl-paysagiste-pepiniere.fr\/site\/wp-content\/uploads\/BaezaSarl_Blog_FoireExpoGignac2019_PhotoEdition2018-037.jpg\" \r\n                style=\"background-image:url('https:\/\/www.baezasarl-paysagiste-pepiniere.fr\/site\/wp-content\/uploads\/BaezaSarl_Blog_FoireExpoGignac2019_PhotoEdition2018-037-265x165.jpg');\">\r\n                    <div class=\"ewgl_tooltip\">\r\n                        <div class=\"ewgl_conteneurbtnmedia\">\r\n                            <div class=\"ewgl_btnbigopenbox\" title=\"Agrandir\" ><\/div>\r\n                            <div class=\"ewgl_btnbigdetailsmedia\" title=\"Voir plus...\" ><\/div>\r\n                        <\/div>\r\n                    <\/div>\r\n                <\/div>\r\n            \r\n                <div class=\"ewgl_media\"  title=\"Foire Exposition Gignac 2018 (Photo 038)\"\r\n                data-idmedia=\"5405\" \r\n                data-keys=\"0\" \r\n                data-content=\"BAEZA Sarl, Paysagiste et P\u00e9pini\u00e8re, Foire Exposition Gignac 2018 (Photo 038)\"\r\n                data-alt=\"BAEZA Sarl, Paysagiste et P\u00e9pini\u00e8re, Foire Exposition Gignac 2018 (Photo 038)\"\r\n                data-detailurl=\"#\"\r\n                data-modeurl=\"_blank\"  \r\n                data-whsmall=\"265x165\" \r\n                data-whfull=\"1600x900\" \r\n                data-src=\"https:\/\/www.baezasarl-paysagiste-pepiniere.fr\/site\/wp-content\/uploads\/BaezaSarl_Blog_FoireExpoGignac2019_PhotoEdition2018-038.jpg\" \r\n                style=\"background-image:url('https:\/\/www.baezasarl-paysagiste-pepiniere.fr\/site\/wp-content\/uploads\/BaezaSarl_Blog_FoireExpoGignac2019_PhotoEdition2018-038-265x165.jpg');\">\r\n                    <div class=\"ewgl_tooltip\">\r\n                        <div class=\"ewgl_conteneurbtnmedia\">\r\n                            <div class=\"ewgl_btnbigopenbox\" title=\"Agrandir\" ><\/div>\r\n                            <div class=\"ewgl_btnbigdetailsmedia\" title=\"Voir plus...\" ><\/div>\r\n                        <\/div>\r\n                    <\/div>\r\n                <\/div>\r\n            \r\n                <div class=\"ewgl_media\"  title=\"Foire Exposition Gignac 2018 (Photo 039)\"\r\n                data-idmedia=\"5406\" \r\n                data-keys=\"0\" \r\n                data-content=\"BAEZA Sarl, Paysagiste et P\u00e9pini\u00e8re, Foire Exposition Gignac 2018 (Photo 039)\"\r\n                data-alt=\"BAEZA Sarl, Paysagiste et P\u00e9pini\u00e8re, Foire Exposition Gignac 2018 (Photo 039)\"\r\n                data-detailurl=\"#\"\r\n                data-modeurl=\"_blank\"  \r\n                data-whsmall=\"265x165\" \r\n                data-whfull=\"1600x900\" \r\n                data-src=\"https:\/\/www.baezasarl-paysagiste-pepiniere.fr\/site\/wp-content\/uploads\/BaezaSarl_Blog_FoireExpoGignac2019_PhotoEdition2018-039.jpg\" \r\n                style=\"background-image:url('https:\/\/www.baezasarl-paysagiste-pepiniere.fr\/site\/wp-content\/uploads\/BaezaSarl_Blog_FoireExpoGignac2019_PhotoEdition2018-039-265x165.jpg');\">\r\n                    <div class=\"ewgl_tooltip\">\r\n                        <div class=\"ewgl_conteneurbtnmedia\">\r\n                            <div class=\"ewgl_btnbigopenbox\" title=\"Agrandir\" ><\/div>\r\n                            <div class=\"ewgl_btnbigdetailsmedia\" title=\"Voir plus...\" ><\/div>\r\n                        <\/div>\r\n                    <\/div>\r\n                <\/div>\r\n            \r\n                <div class=\"ewgl_media\"  title=\"Foire Exposition Gignac 2018 (Photo 040)\"\r\n                data-idmedia=\"5407\" \r\n                data-keys=\"0\" \r\n                data-content=\"BAEZA Sarl, Paysagiste et P\u00e9pini\u00e8re, Foire Exposition Gignac 2018 (Photo 040)\"\r\n                data-alt=\"BAEZA Sarl, Paysagiste et P\u00e9pini\u00e8re, Foire Exposition Gignac 2018 (Photo 040)\"\r\n                data-detailurl=\"#\"\r\n                data-modeurl=\"_blank\"  \r\n                data-whsmall=\"265x165\" \r\n                data-whfull=\"1600x900\" \r\n                data-src=\"https:\/\/www.baezasarl-paysagiste-pepiniere.fr\/site\/wp-content\/uploads\/BaezaSarl_Blog_FoireExpoGignac2019_PhotoEdition2018-040.jpg\" \r\n                style=\"background-image:url('https:\/\/www.baezasarl-paysagiste-pepiniere.fr\/site\/wp-content\/uploads\/BaezaSarl_Blog_FoireExpoGignac2019_PhotoEdition2018-040-265x165.jpg');\">\r\n                    <div class=\"ewgl_tooltip\">\r\n                        <div class=\"ewgl_conteneurbtnmedia\">\r\n                            <div class=\"ewgl_btnbigopenbox\" title=\"Agrandir\" ><\/div>\r\n                            <div class=\"ewgl_btnbigdetailsmedia\" title=\"Voir plus...\" ><\/div>\r\n                        <\/div>\r\n                    <\/div>\r\n                <\/div>\r\n            \r\n                <div class=\"ewgl_media\"  title=\"Foire Exposition Gignac 2018 (Photo 041)\"\r\n                data-idmedia=\"5408\" \r\n                data-keys=\"0\" \r\n                data-content=\"BAEZA Sarl, Paysagiste et P\u00e9pini\u00e8re, Foire Exposition Gignac 2018 (Photo 041)\"\r\n                data-alt=\"BAEZA Sarl, Paysagiste et P\u00e9pini\u00e8re, Foire Exposition Gignac 2018 (Photo 041)\"\r\n                data-detailurl=\"#\"\r\n                data-modeurl=\"_blank\"  \r\n                data-whsmall=\"265x165\" \r\n                data-whfull=\"1600x900\" \r\n                data-src=\"https:\/\/www.baezasarl-paysagiste-pepiniere.fr\/site\/wp-content\/uploads\/BaezaSarl_Blog_FoireExpoGignac2019_PhotoEdition2018-041.jpg\" \r\n                style=\"background-image:url('https:\/\/www.baezasarl-paysagiste-pepiniere.fr\/site\/wp-content\/uploads\/BaezaSarl_Blog_FoireExpoGignac2019_PhotoEdition2018-041-265x165.jpg');\">\r\n                    <div class=\"ewgl_tooltip\">\r\n                        <div class=\"ewgl_conteneurbtnmedia\">\r\n                            <div class=\"ewgl_btnbigopenbox\" title=\"Agrandir\" ><\/div>\r\n                            <div class=\"ewgl_btnbigdetailsmedia\" title=\"Voir plus...\" ><\/div>\r\n                        <\/div>\r\n                    <\/div>\r\n                <\/div>\r\n            \r\n                <div class=\"ewgl_media\"  title=\"Foire Exposition Gignac 2018 (Photo 042)\"\r\n                data-idmedia=\"5409\" \r\n                data-keys=\"0\" \r\n                data-content=\"BAEZA Sarl, Paysagiste et P\u00e9pini\u00e8re, Foire Exposition Gignac 2018 (Photo 042)\"\r\n                data-alt=\"BAEZA Sarl, Paysagiste et P\u00e9pini\u00e8re, Foire Exposition Gignac 2018 (Photo 042)\"\r\n                data-detailurl=\"#\"\r\n                data-modeurl=\"_blank\"  \r\n                data-whsmall=\"265x165\" \r\n                data-whfull=\"900x1600\" \r\n                data-src=\"https:\/\/www.baezasarl-paysagiste-pepiniere.fr\/site\/wp-content\/uploads\/BaezaSarl_Blog_FoireExpoGignac2019_PhotoEdition2018-042.jpg\" \r\n                style=\"background-image:url('https:\/\/www.baezasarl-paysagiste-pepiniere.fr\/site\/wp-content\/uploads\/BaezaSarl_Blog_FoireExpoGignac2019_PhotoEdition2018-042-265x165.jpg');\">\r\n                    <div class=\"ewgl_tooltip\">\r\n                        <div class=\"ewgl_conteneurbtnmedia\">\r\n                            <div class=\"ewgl_btnbigopenbox\" title=\"Agrandir\" ><\/div>\r\n                            <div class=\"ewgl_btnbigdetailsmedia\" title=\"Voir plus...\" ><\/div>\r\n                        <\/div>\r\n                    <\/div>\r\n                <\/div>\r\n            \r\n                <div class=\"ewgl_media\"  title=\"Foire Exposition Gignac 2018 (Photo 043)\"\r\n                data-idmedia=\"5410\" \r\n                data-keys=\"0\" \r\n                data-content=\"BAEZA Sarl, Paysagiste et P\u00e9pini\u00e8re, Foire Exposition Gignac 2018 (Photo 043)\"\r\n                data-alt=\"BAEZA Sarl, Paysagiste et P\u00e9pini\u00e8re, Foire Exposition Gignac 2018 (Photo 043)\"\r\n                data-detailurl=\"#\"\r\n                data-modeurl=\"_blank\"  \r\n                data-whsmall=\"265x165\" \r\n                data-whfull=\"900x1600\" \r\n                data-src=\"https:\/\/www.baezasarl-paysagiste-pepiniere.fr\/site\/wp-content\/uploads\/BaezaSarl_Blog_FoireExpoGignac2019_PhotoEdition2018-043.jpg\" \r\n                style=\"background-image:url('https:\/\/www.baezasarl-paysagiste-pepiniere.fr\/site\/wp-content\/uploads\/BaezaSarl_Blog_FoireExpoGignac2019_PhotoEdition2018-043-265x165.jpg');\">\r\n                    <div class=\"ewgl_tooltip\">\r\n                        <div class=\"ewgl_conteneurbtnmedia\">\r\n                            <div class=\"ewgl_btnbigopenbox\" title=\"Agrandir\" ><\/div>\r\n                            <div class=\"ewgl_btnbigdetailsmedia\" title=\"Voir plus...\" ><\/div>\r\n                        <\/div>\r\n                    <\/div>\r\n                <\/div>\r\n            \r\n                <div class=\"ewgl_media\"  title=\"Foire Exposition Gignac 2018 (Photo 044)\"\r\n                data-idmedia=\"5411\" \r\n                data-keys=\"0\" \r\n                data-content=\"BAEZA Sarl, Paysagiste et P\u00e9pini\u00e8re, Foire Exposition Gignac 2018 (Photo 044)\"\r\n                data-alt=\"BAEZA Sarl, Paysagiste et P\u00e9pini\u00e8re, Foire Exposition Gignac 2018 (Photo 044)\"\r\n                data-detailurl=\"#\"\r\n                data-modeurl=\"_blank\"  \r\n                data-whsmall=\"265x165\" \r\n                data-whfull=\"1600x900\" \r\n                data-src=\"https:\/\/www.baezasarl-paysagiste-pepiniere.fr\/site\/wp-content\/uploads\/BaezaSarl_Blog_FoireExpoGignac2019_PhotoEdition2018-044.jpg\" \r\n                style=\"background-image:url('https:\/\/www.baezasarl-paysagiste-pepiniere.fr\/site\/wp-content\/uploads\/BaezaSarl_Blog_FoireExpoGignac2019_PhotoEdition2018-044-265x165.jpg');\">\r\n                    <div class=\"ewgl_tooltip\">\r\n                        <div class=\"ewgl_conteneurbtnmedia\">\r\n                            <div class=\"ewgl_btnbigopenbox\" title=\"Agrandir\" ><\/div>\r\n                            <div class=\"ewgl_btnbigdetailsmedia\" title=\"Voir plus...\" ><\/div>\r\n                        <\/div>\r\n                    <\/div>\r\n                <\/div>\r\n            \r\n                <div class=\"ewgl_media\"  title=\"Foire Exposition Gignac 2018 (Photo 045)\"\r\n                data-idmedia=\"5412\" \r\n                data-keys=\"0\" \r\n                data-content=\"BAEZA Sarl, Paysagiste et P\u00e9pini\u00e8re, Foire Exposition Gignac 2018 (Photo 045)\"\r\n                data-alt=\"BAEZA Sarl, Paysagiste et P\u00e9pini\u00e8re, Foire Exposition Gignac 2018 (Photo 045)\"\r\n                data-detailurl=\"#\"\r\n                data-modeurl=\"_blank\"  \r\n                data-whsmall=\"265x165\" \r\n                data-whfull=\"900x1600\" \r\n                data-src=\"https:\/\/www.baezasarl-paysagiste-pepiniere.fr\/site\/wp-content\/uploads\/BaezaSarl_Blog_FoireExpoGignac2019_PhotoEdition2018-045.jpg\" \r\n                style=\"background-image:url('https:\/\/www.baezasarl-paysagiste-pepiniere.fr\/site\/wp-content\/uploads\/BaezaSarl_Blog_FoireExpoGignac2019_PhotoEdition2018-045-265x165.jpg');\">\r\n                    <div class=\"ewgl_tooltip\">\r\n                        <div class=\"ewgl_conteneurbtnmedia\">\r\n                            <div class=\"ewgl_btnbigopenbox\" title=\"Agrandir\" ><\/div>\r\n                            <div class=\"ewgl_btnbigdetailsmedia\" title=\"Voir plus...\" ><\/div>\r\n                        <\/div>\r\n                    <\/div>\r\n                <\/div>\r\n            \r\n                <div class=\"ewgl_media\"  title=\"Foire Exposition Gignac 2018 (Photo 046)\"\r\n                data-idmedia=\"5413\" \r\n                data-keys=\"0\" \r\n                data-content=\"BAEZA Sarl, Paysagiste et P\u00e9pini\u00e8re, Foire Exposition Gignac 2018 (Photo 046)\"\r\n                data-alt=\"BAEZA Sarl, Paysagiste et P\u00e9pini\u00e8re, Foire Exposition Gignac 2018 (Photo 046)\"\r\n                data-detailurl=\"#\"\r\n                data-modeurl=\"_blank\"  \r\n                data-whsmall=\"265x165\" \r\n                data-whfull=\"1600x900\" \r\n                data-src=\"https:\/\/www.baezasarl-paysagiste-pepiniere.fr\/site\/wp-content\/uploads\/BaezaSarl_Blog_FoireExpoGignac2019_PhotoEdition2018-046.jpg\" \r\n                style=\"background-image:url('https:\/\/www.baezasarl-paysagiste-pepiniere.fr\/site\/wp-content\/uploads\/BaezaSarl_Blog_FoireExpoGignac2019_PhotoEdition2018-046-265x165.jpg');\">\r\n                    <div class=\"ewgl_tooltip\">\r\n                        <div class=\"ewgl_conteneurbtnmedia\">\r\n                            <div class=\"ewgl_btnbigopenbox\" title=\"Agrandir\" ><\/div>\r\n                            <div class=\"ewgl_btnbigdetailsmedia\" title=\"Voir plus...\" ><\/div>\r\n                        <\/div>\r\n                    <\/div>\r\n                <\/div>\r\n            \r\n                <div class=\"ewgl_media\"  title=\"Foire Exposition Gignac 2018 (Photo 047)\"\r\n                data-idmedia=\"5414\" \r\n                data-keys=\"0\" \r\n                data-content=\"BAEZA Sarl, Paysagiste et P\u00e9pini\u00e8re, Foire Exposition Gignac 2018 (Photo 047)\"\r\n                data-alt=\"BAEZA Sarl, Paysagiste et P\u00e9pini\u00e8re, Foire Exposition Gignac 2018 (Photo 047)\"\r\n                data-detailurl=\"#\"\r\n                data-modeurl=\"_blank\"  \r\n                data-whsmall=\"265x165\" \r\n                data-whfull=\"900x1600\" \r\n                data-src=\"https:\/\/www.baezasarl-paysagiste-pepiniere.fr\/site\/wp-content\/uploads\/BaezaSarl_Blog_FoireExpoGignac2019_PhotoEdition2018-047.jpg\" \r\n                style=\"background-image:url('https:\/\/www.baezasarl-paysagiste-pepiniere.fr\/site\/wp-content\/uploads\/BaezaSarl_Blog_FoireExpoGignac2019_PhotoEdition2018-047-265x165.jpg');\">\r\n                    <div class=\"ewgl_tooltip\">\r\n                        <div class=\"ewgl_conteneurbtnmedia\">\r\n                            <div class=\"ewgl_btnbigopenbox\" title=\"Agrandir\" ><\/div>\r\n                            <div class=\"ewgl_btnbigdetailsmedia\" title=\"Voir plus...\" ><\/div>\r\n                        <\/div>\r\n                    <\/div>\r\n                <\/div>\r\n            \r\n                <\/div>\r\n            <\/div>\r\n            <div class=\"ewgl_sepboitetranslate\"><\/div>\r\n        \r\n            \r\n            <div class=\"ewgl_conteneurcursors\">\r\n                <div class=\"ewgl_btnsmall ewgl_btnsmallmoins\" title=\"D\u00e9filer vers le haut\" data-fct=\"MOINS\"><\/div>\r\n                <div class=\"ewgl_infosep ewgl_nodisplay\">\r\n                    <input class=\"ewgl_infinputtxt\" data-fct=\"DIRECT\" maxlength=\"3\" pattern=\"^([1-9]{1}[0-9]{0,2})$\" type=\"text\">\r\n                    <span class=\"ewgl_infspan\"><\/span>\r\n                <\/div>\r\n                <div class=\"ewgl_slider\" data-nbsep=\"0\" data-sepselect=\"1\">\r\n                    <!-- El\u00e9ments cr\u00e9\u00e9s dynamiquements en JS-->\r\n                    <div class=\"ewgl_slidersep noselect\"><\/div>\r\n                <\/div>\r\n                <div class=\"ewgl_btnsmall ewgl_btnsmallplus\" title=\"D\u00e9filer vers le bas\" data-fct=\"PLUS\"><\/div>\r\n            <\/div>\r\n        <\/div>[\/et_pb_code][\/et_pb_column][\/et_pb_row][\/et_pb_section][et_pb_section fb_built=\u00a0\u00bb1&Prime; admin_label=\u00a0\u00bbSection Navigation dans les Articles d&rsquo;Am\u00e9nagements Paysagers\u00a0\u00bb _builder_version=\u00a0\u00bb3.24&Prime; inner_width_tablet=\u00a0\u00bb50px\u00a0\u00bb inner_max_width_tablet=\u00a0\u00bb50px\u00a0\u00bb z_index_tablet=\u00a0\u00bb500&Prime; box_shadow_horizontal_tablet=\u00a0\u00bb0px\u00a0\u00bb box_shadow_vertical_tablet=\u00a0\u00bb0px\u00a0\u00bb box_shadow_blur_tablet=\u00a0\u00bb40px\u00a0\u00bb box_shadow_spread_tablet=\u00a0\u00bb0px\u00a0\u00bb global_module=\u00a0\u00bb5645&Prime;][et_pb_row _builder_version=\u00a0\u00bb3.22.3&Prime; background_size=\u00a0\u00bbinitial\u00a0\u00bb background_position=\u00a0\u00bbtop_left\u00a0\u00bb background_repeat=\u00a0\u00bbrepeat\u00a0\u00bb][et_pb_column type=\u00a0\u00bb4_4&Prime; _builder_version=\u00a0\u00bb3.0.47&Prime;][et_pb_post_nav in_same_term=\u00a0\u00bbon\u00a0\u00bb prev_text=\u00a0\u00bb%title\u00a0\u00bb next_text=\u00a0\u00bb%title\u00a0\u00bb admin_label=\u00a0\u00bbNavigation dans les Articles de Blog\u00a0\u00bb module_class=\u00a0\u00bbew_navposts green\u00a0\u00bb _builder_version=\u00a0\u00bb3.24&Prime; z_index_tablet=\u00a0\u00bb500&Prime; title_text_shadow_horizontal_length_tablet=\u00a0\u00bb0px\u00a0\u00bb title_text_shadow_vertical_length_tablet=\u00a0\u00bb0px\u00a0\u00bb title_text_shadow_blur_strength_tablet=\u00a0\u00bb1px\u00a0\u00bb box_shadow_horizontal_tablet=\u00a0\u00bb0px\u00a0\u00bb box_shadow_vertical_tablet=\u00a0\u00bb0px\u00a0\u00bb box_shadow_blur_tablet=\u00a0\u00bb40px\u00a0\u00bb box_shadow_spread_tablet=\u00a0\u00bb0px\u00a0\u00bb][\/et_pb_post_nav][\/et_pb_column][\/et_pb_row][\/et_pb_section][et_pb_section fb_built=\u00a0\u00bb1&Prime; prev_background_color=\u00a0\u00bb#ffffff\u00a0\u00bb admin_label=\u00a0\u00bbSection &#8211; Abonnez-vous Newsletter\u00a0\u00bb _builder_version=\u00a0\u00bb3.16.1&Prime; background_image=\u00a0\u00bbhttps:\/\/www.baezasarl-paysagiste-pepiniere.fr\/site\/wp-content\/uploads\/gardening-03_LP70.jpg\u00a0\u00bb background_blend=\u00a0\u00bbmultiply\u00a0\u00bb custom_margin=\u00a0\u00bb0px|0px|0px|0px\u00a0\u00bb custom_padding=\u00a0\u00bb40px|0px|40px|0px|true|false\u00a0\u00bb top_divider_style=\u00a0\u00bbramp2&Prime; top_divider_arrangement=\u00a0\u00bbabove_content\u00a0\u00bb global_module=\u00a0\u00bb1227&Prime;][et_pb_row use_custom_gutter=\u00a0\u00bbon\u00a0\u00bb gutter_width=\u00a0\u00bb1&Prime; custom_padding=\u00a0\u00bb40px|0px|40px|0px|true|false\u00a0\u00bb custom_padding_tablet=\u00a0\u00bb40px|0px|20px|0px\u00a0\u00bb custom_padding_last_edited=\u00a0\u00bbon|phone\u00a0\u00bb admin_label=\u00a0\u00bbLigne &#8211; Intro.\u00a0\u00bb module_class=\u00a0\u00bb et_pb_row_fullwidth et_pb_row_fullwidth et_pb_row_fullwidth et_pb_row_fullwidth et_pb_row_fullwidth et_pb_row_fullwidth et_pb_row_fullwidth et_pb_row_fullwidth et_pb_row_fullwidth et_pb_row_fullwidth et_pb_row_fullwidth et_pb_row_fullwidth et_pb_row_fullwidth et_pb_row_fullwidth et_pb_row_fullwidth et_pb_row_fullwidth et_pb_row_fullwidth et_pb_row_fullwidth et_pb_row_fullwidth et_pb_row_fullwidth et_pb_row_fullwidth et_pb_row_fullwidth et_pb_row_fullwidth et_pb_row_fullwidth et_pb_row_fullwidth et_pb_row_fullwidth et_pb_row_fullwidth et_pb_row_fullwidth et_pb_row_fullwidth et_pb_row_fullwidth et_pb_row_fullwidth et_pb_row_fullwidth et_pb_row_fullwidth et_pb_row_fullwidth et_pb_row_fullwidth et_pb_row_fullwidth et_pb_row_fullwidth et_pb_row_fullwidth et_pb_row_fullwidth et_pb_row_fullwidth et_pb_row_fullwidth et_pb_row_fullwidth et_pb_row_fullwidth et_pb_row_fullwidth et_pb_row_fullwidth et_pb_row_fullwidth et_pb_row_fullwidth et_pb_row_fullwidth et_pb_row_fullwidth et_pb_row_fullwidth et_pb_row_fullwidth et_pb_row_fullwidth et_pb_row_fullwidth et_pb_row_fullwidth et_pb_row_fullwidth et_pb_row_fullwidth et_pb_row_fullwidth et_pb_row_fullwidth et_pb_row_fullwidth et_pb_row_fullwidth et_pb_row_fullwidth et_pb_row_fullwidth et_pb_row_fullwidth et_pb_row_fullwidth et_pb_row_fullwidth et_pb_row_fullwidth et_pb_row_fullwidth et_pb_row_fullwidth et_pb_row_fullwidth et_pb_row_fullwidth et_pb_row_fullwidth et_pb_row_fullwidth et_pb_row_fullwidth et_pb_row_fullwidth et_pb_row_fullwidth et_pb_row_fullwidth et_pb_row_fullwidth et_pb_row_fullwidth et_pb_row_fullwidth et_pb_row_fullwidth et_pb_row_fullwidth et_pb_row_fullwidth et_pb_row_fullwidth et_pb_row_fullwidth et_pb_row_fullwidth et_pb_row_fullwidth et_pb_row_fullwidth et_pb_row_fullwidth et_pb_row_fullwidth et_pb_row_fullwidth et_pb_row_fullwidth et_pb_row_fullwidth et_pb_row_fullwidth et_pb_row_fullwidth et_pb_row_fullwidth et_pb_row_fullwidth et_pb_row_fullwidth et_pb_row_fullwidth et_pb_row_fullwidth et_pb_row_fullwidth et_pb_row_fullwidth et_pb_row_fullwidth et_pb_row_fullwidth et_pb_row_fullwidth et_pb_row_fullwidth et_pb_row_fullwidth et_pb_row_fullwidth et_pb_row_fullwidth et_pb_row_fullwidth et_pb_row_fullwidth et_pb_row_fullwidth et_pb_row_fullwidth et_pb_row_fullwidth et_pb_row_fullwidth et_pb_row_fullwidth et_pb_row_fullwidth et_pb_row_fullwidth et_pb_row_fullwidth et_pb_row_fullwidth et_pb_row_fullwidth et_pb_row_fullwidth et_pb_row_fullwidth et_pb_row_fullwidth et_pb_row_fullwidth et_pb_row_fullwidth et_pb_row_fullwidth et_pb_row_fullwidth et_pb_row_fullwidth et_pb_row_fullwidth et_pb_row_fullwidth et_pb_row_fullwidth et_pb_row_fullwidth et_pb_row_fullwidth et_pb_row_fullwidth et_pb_row_fullwidth et_pb_row_fullwidth et_pb_row_fullwidth et_pb_row_fullwidth et_pb_row_fullwidth et_pb_row_fullwidth et_pb_row_fullwidth et_pb_row_fullwidth et_pb_row_fullwidth et_pb_row_fullwidth et_pb_row_fullwidth et_pb_row_fullwidth et_pb_row_fullwidth et_pb_row_fullwidth et_pb_row_fullwidth et_pb_row_fullwidth et_pb_row_fullwidth et_pb_row_fullwidth et_pb_row_fullwidth\u00a0\u00bb _builder_version=\u00a0\u00bb3.22.3&Prime; width=\u00a0\u00bb100%\u00a0\u00bb width_tablet=\u00a0\u00bb100%\u00a0\u00bb width_last_edited=\u00a0\u00bbon|desktop\u00a0\u00bb max_width=\u00a0\u00bb100%\u00a0\u00bb max_width_tablet=\u00a0\u00bb100%\u00a0\u00bb max_width_last_edited=\u00a0\u00bbon|desktop\u00a0\u00bb custom_css_main_element=\u00a0\u00bboverflow:hidden;\u00a0\u00bb make_fullwidth=\u00a0\u00bbon\u00a0\u00bb][et_pb_column type=\u00a0\u00bb4_4&Prime; _builder_version=\u00a0\u00bb3.0.47&Prime;][et_pb_text disabled_on=\u00a0\u00bboff|off|off\u00a0\u00bb admin_label=\u00a0\u00bbTexte &#8211; Intro.\u00a0\u00bb module_class=\u00a0\u00bbew_overflow_hidden\u00a0\u00bb _builder_version=\u00a0\u00bb3.16.1&Prime; text_font=\u00a0\u00bb||||||||\u00a0\u00bb header_font=\u00a0\u00bb||||||||\u00a0\u00bb header_2_font=\u00a0\u00bb||||||||\u00a0\u00bb header_2_text_color=\u00a0\u00bb#ffffff\u00a0\u00bb header_2_font_size=\u00a0\u00bb28px\u00a0\u00bb custom_margin=\u00a0\u00bb||||true\u00a0\u00bb custom_padding=\u00a0\u00bb5px||5px|10px|true\u00a0\u00bb header_2_font_size_tablet=\u00a0\u00bb25px\u00a0\u00bb header_2_font_size_phone=\u00a0\u00bb24px\u00a0\u00bb header_2_font_size_last_edited=\u00a0\u00bbon|phone\u00a0\u00bb]<\/p>\n<h2><i class=\"fas fa-quote-left fa-2x\"><\/i> Restez inform\u00e9s<\/h2>\n<p>[\/et_pb_text][\/et_pb_column][\/et_pb_row][et_pb_row custom_padding=\u00a0\u00bb0|0px|0|0px|true|false\u00a0\u00bb _builder_version=\u00a0\u00bb3.22.3&Prime;][et_pb_column type=\u00a0\u00bb4_4&Prime; _builder_version=\u00a0\u00bb3.0.47&Prime;][et_pb_contact_form email=\u00a0\u00bbcontact@www.baezasarl-paysagiste-pepiniere.fr\u00a0\u00bb title=\u00a0\u00bbInscrivez-vous \u00e0 notre Newsletter\u00a0\u00bb custom_message=\u00a0\u00bb&#8212;||et_pb_line_break_holder||Inscription Newsletter pour : %%Email_newsletter%%||et_pb_line_break_holder||&#8212;\u00a0\u00bb success_message=\u00a0\u00bbVotre demande d&rsquo;inscription a bien \u00e9t\u00e9 envoy\u00e9e. Merci.\u00a0\u00bb submit_button_text=\u00a0\u00bbJe m&rsquo;inscris\u00a0\u00bb admin_label=\u00a0\u00bbFormulaire de contact &#8211; Email pour Newsletter\u00a0\u00bb module_id=\u00a0\u00bbet_pb_contact_form_newsletter_0&Prime; _builder_version=\u00a0\u00bb3.22.4&Prime; form_field_text_color=\u00a0\u00bb#055699&Prime; title_level=\u00a0\u00bbh3&Prime; title_text_align=\u00a0\u00bbcenter\u00a0\u00bb title_text_color=\u00a0\u00bb#ffffff\u00a0\u00bb form_field_font=\u00a0\u00bb||on||||||\u00a0\u00bb form_field_font_size=\u00a0\u00bb18px\u00a0\u00bb background_color=\u00a0\u00bb#8cc44b\u00a0\u00bb custom_button=\u00a0\u00bbon\u00a0\u00bb button_text_color=\u00a0\u00bb#ffffff\u00a0\u00bb button_bg_color=\u00a0\u00bb#f7bc2c\u00a0\u00bb button_border_color=\u00a0\u00bbrgba(0,0,0,0)\u00a0\u00bb button_border_radius=\u00a0\u00bb0px\u00a0\u00bb button_icon=\u00a0\u00bb%%57%%\u00a0\u00bb custom_margin=\u00a0\u00bb0px||10px||false\u00a0\u00bb custom_padding=\u00a0\u00bb20px|10px|20px|10px|true|true\u00a0\u00bb animation_style=\u00a0\u00bbfold\u00a0\u00bb animation_direction=\u00a0\u00bbtop\u00a0\u00bb animation_delay=\u00a0\u00bb400ms\u00a0\u00bb z_index_tablet=\u00a0\u00bb500&Prime; custom_css_captcha_field=\u00a0\u00bbbackground-color:white;||border-radius:5px;||padding-left:5px;||padding-right:5px;||text-align:center;||||\u00a0\u00bb saved_tabs=\u00a0\u00bball\u00a0\u00bb button_border_color_hover=\u00a0\u00bbrgba(0,0,0,0)\u00a0\u00bb button_border_radius_hover=\u00a0\u00bb0px\u00a0\u00bb][et_pb_contact_field field_id=\u00a0\u00bbEmail_newsletter\u00a0\u00bb field_title=\u00a0\u00bbEmail\u00a0\u00bb field_type=\u00a0\u00bbemail\u00a0\u00bb fullwidth_field=\u00a0\u00bbon\u00a0\u00bb _builder_version=\u00a0\u00bb3.23&Prime; form_field_background_color=\u00a0\u00bb#ffffff\u00a0\u00bb border_radii=\u00a0\u00bbon|5px|5px|5px|5px\u00a0\u00bb field_background_color=\u00a0\u00bb#ffffff\u00a0\u00bb button_text_size__hover_enabled=\u00a0\u00bboff\u00a0\u00bb button_one_text_size__hover_enabled=\u00a0\u00bboff\u00a0\u00bb button_two_text_size__hover_enabled=\u00a0\u00bboff\u00a0\u00bb button_text_color__hover_enabled=\u00a0\u00bboff\u00a0\u00bb button_one_text_color__hover_enabled=\u00a0\u00bboff\u00a0\u00bb button_two_text_color__hover_enabled=\u00a0\u00bboff\u00a0\u00bb button_border_width__hover_enabled=\u00a0\u00bboff\u00a0\u00bb button_one_border_width__hover_enabled=\u00a0\u00bboff\u00a0\u00bb button_two_border_width__hover_enabled=\u00a0\u00bboff\u00a0\u00bb button_border_color__hover_enabled=\u00a0\u00bboff\u00a0\u00bb button_one_border_color__hover_enabled=\u00a0\u00bboff\u00a0\u00bb button_two_border_color__hover_enabled=\u00a0\u00bboff\u00a0\u00bb button_border_radius__hover_enabled=\u00a0\u00bboff\u00a0\u00bb button_one_border_radius__hover_enabled=\u00a0\u00bboff\u00a0\u00bb button_two_border_radius__hover_enabled=\u00a0\u00bboff\u00a0\u00bb button_letter_spacing__hover_enabled=\u00a0\u00bboff\u00a0\u00bb button_one_letter_spacing__hover_enabled=\u00a0\u00bboff\u00a0\u00bb button_two_letter_spacing__hover_enabled=\u00a0\u00bboff\u00a0\u00bb button_bg_color__hover_enabled=\u00a0\u00bboff\u00a0\u00bb button_one_bg_color__hover_enabled=\u00a0\u00bboff\u00a0\u00bb button_two_bg_color__hover_enabled=\u00a0\u00bboff\u00a0\u00bb][\/et_pb_contact_field][\/et_pb_contact_form][et_pb_text _builder_version=\u00a0\u00bb3.15&Prime; text_font=\u00a0\u00bb||on||||||\u00a0\u00bb text_text_color=\u00a0\u00bb#f7bc2c\u00a0\u00bb text_font_size=\u00a0\u00bb18px\u00a0\u00bb text_line_height=\u00a0\u00bb1.3em\u00a0\u00bb text_orientation=\u00a0\u00bbcenter\u00a0\u00bb text_font_size_tablet=\u00a0\u00bb17px\u00a0\u00bb text_font_size_phone=\u00a0\u00bb15px\u00a0\u00bb text_font_size_last_edited=\u00a0\u00bbon|desktop\u00a0\u00bb]<\/p>\n<p>Conform\u00e9ment \u00e0 la loi Informatique et Libert\u00e9s du 6 janvier 1978, vous disposez d&rsquo;un droit d&rsquo;acc\u00e8s, de rectification, de modification et de suppression des donn\u00e9es vous concernant. Vous pouvez exercer ce droit en nous envoyant un courrier \u00e9lectronique ou postal <i class=\"fas fa-mail-bulk\"><\/i><\/p>\n<p>[\/et_pb_text][\/et_pb_column][\/et_pb_row][\/et_pb_section]<\/p>\n","protected":false},"excerpt":{"rendered":"<p>Foire Expo Annuelle de Gignac 2019, les 15 et 16 juin.  Venez d\u00e9couvrir la deuxi\u00e8me \u00e9dition de notre Jardin \u00e9ph\u00e9m\u00e8re, de nombreuses surprises vous y &#8230;<\/p>\n","protected":false},"author":1,"featured_media":5367,"comment_status":"closed","ping_status":"closed","sticky":false,"template":"","format":"standard","meta":{"_et_pb_use_builder":"on","_et_pb_old_content":"","_et_gb_content_width":""},"categories":[6],"tags":[61,13,26,8,7,9,11,12,10],"yoast_head":"<!-- This site is optimized with the Yoast SEO plugin v18.4.1 - https:\/\/yoast.com\/wordpress\/plugins\/seo\/ -->\n<title>Foire Exposition de Gignac 2019 - Baeza SARL, Paysagiste et P\u00e9pini\u00e8re<\/title>\n<meta name=\"description\" content=\"Foire Expo Annuelle de Gignac 2019, les 15 et 16 juin. Venez d\u00e9couvrir la deuxi\u00e8me \u00e9dition de notre Jardin \u00e9ph\u00e9m\u00e8re, de nombreuses surprises vous y attendent...\" \/>\n<meta name=\"robots\" content=\"index, follow, max-snippet:-1, max-image-preview:large, max-video-preview:-1\" \/>\n<link rel=\"canonical\" href=\"https:\/\/www.baezasarl-paysagiste-pepiniere.fr\/site\/art-publications-foire-expo-de-gignac-2019\/\" \/>\n<meta property=\"og:locale\" content=\"fr_FR\" \/>\n<meta property=\"og:type\" content=\"article\" \/>\n<meta property=\"og:title\" content=\"Foire Exposition de Gignac 2019 - Baeza SARL, Paysagiste et P\u00e9pini\u00e8re\" \/>\n<meta property=\"og:description\" content=\"Foire Expo Annuelle de Gignac 2019, les 15 et 16 juin. Venez d\u00e9couvrir la deuxi\u00e8me \u00e9dition de notre Jardin \u00e9ph\u00e9m\u00e8re, de nombreuses surprises vous y attendent...\" \/>\n<meta property=\"og:url\" content=\"https:\/\/www.baezasarl-paysagiste-pepiniere.fr\/site\/art-publications-foire-expo-de-gignac-2019\/\" \/>\n<meta property=\"og:site_name\" content=\"Baeza SARL, Paysagiste et P\u00e9pini\u00e8re\" \/>\n<meta property=\"article:publisher\" content=\"https:\/\/www.facebook.com\/PEPINIERE-BAEZA-438206409654674\/\" \/>\n<meta property=\"article:published_time\" content=\"2019-06-09T13:43:34+00:00\" \/>\n<meta property=\"article:modified_time\" content=\"2019-06-13T15:18:22+00:00\" \/>\n<meta property=\"og:image\" content=\"https:\/\/www.baezasarl-paysagiste-pepiniere.fr\/site\/wp-content\/uploads\/BaezaSarl_Blog_FoireExpoGignac2019_Flyer_H760.jpg\" \/>\n\t<meta property=\"og:image:width\" content=\"359\" \/>\n\t<meta property=\"og:image:height\" content=\"760\" \/>\n\t<meta property=\"og:image:type\" content=\"image\/jpeg\" \/>\n<meta name=\"twitter:card\" content=\"summary_large_image\" \/>\n<meta name=\"twitter:label1\" content=\"\u00c9crit par\" \/>\n\t<meta name=\"twitter:data1\" content=\"bpp_ewadmin\" \/>\n\t<meta name=\"twitter:label2\" content=\"Dur\u00e9e de lecture estim\u00e9e\" \/>\n\t<meta name=\"twitter:data2\" content=\"23 minutes\" \/>\n<script type=\"application\/ld+json\" class=\"yoast-schema-graph\">{\"@context\":\"https:\/\/schema.org\",\"@graph\":[{\"@type\":\"Organization\",\"@id\":\"https:\/\/www.baezasarl-paysagiste-pepiniere.fr\/site\/#organization\",\"name\":\"Baeza SARL, Paysagiste et P\u00e9pini\u00e8re\",\"url\":\"https:\/\/www.baezasarl-paysagiste-pepiniere.fr\/site\/\",\"sameAs\":[\"https:\/\/www.facebook.com\/PEPINIERE-BAEZA-438206409654674\/\"],\"logo\":{\"@type\":\"ImageObject\",\"@id\":\"https:\/\/www.baezasarl-paysagiste-pepiniere.fr\/site\/#logo\",\"inLanguage\":\"fr-FR\",\"url\":\"https:\/\/www.baezasarl-paysagiste-pepiniere.fr\/site\/wp-content\/uploads\/BaezaSarl_BanniereSite_PetitFormat.png\",\"contentUrl\":\"https:\/\/www.baezasarl-paysagiste-pepiniere.fr\/site\/wp-content\/uploads\/BaezaSarl_BanniereSite_PetitFormat.png\",\"width\":168,\"height\":55,\"caption\":\"Baeza SARL, Paysagiste et P\u00e9pini\u00e8re\"},\"image\":{\"@id\":\"https:\/\/www.baezasarl-paysagiste-pepiniere.fr\/site\/#logo\"}},{\"@type\":\"WebSite\",\"@id\":\"https:\/\/www.baezasarl-paysagiste-pepiniere.fr\/site\/#website\",\"url\":\"https:\/\/www.baezasarl-paysagiste-pepiniere.fr\/site\/\",\"name\":\"Baeza SARL, Paysagiste et P\u00e9pini\u00e8re\",\"description\":\"Un Paysagiste \u00e0 votre \u00e9coute. Une P\u00e9pini\u00e8re \u00e0 votre service\",\"publisher\":{\"@id\":\"https:\/\/www.baezasarl-paysagiste-pepiniere.fr\/site\/#organization\"},\"potentialAction\":[{\"@type\":\"SearchAction\",\"target\":{\"@type\":\"EntryPoint\",\"urlTemplate\":\"https:\/\/www.baezasarl-paysagiste-pepiniere.fr\/site\/?s={search_term_string}\"},\"query-input\":\"required name=search_term_string\"}],\"inLanguage\":\"fr-FR\"},{\"@type\":\"ImageObject\",\"@id\":\"https:\/\/www.baezasarl-paysagiste-pepiniere.fr\/site\/art-publications-foire-expo-de-gignac-2019\/#primaryimage\",\"inLanguage\":\"fr-FR\",\"url\":\"https:\/\/www.baezasarl-paysagiste-pepiniere.fr\/site\/wp-content\/uploads\/BaezaSarl_Blog_FoireExpoGignac2019_Flyer_H760.jpg\",\"contentUrl\":\"https:\/\/www.baezasarl-paysagiste-pepiniere.fr\/site\/wp-content\/uploads\/BaezaSarl_Blog_FoireExpoGignac2019_Flyer_H760.jpg\",\"width\":359,\"height\":760,\"caption\":\"BAEZA Sarl, Paysagiste et P\u00e9pini\u00e8re, Publication Foire Exposition Gignac 2019 (Affiche)\"},{\"@type\":\"WebPage\",\"@id\":\"https:\/\/www.baezasarl-paysagiste-pepiniere.fr\/site\/art-publications-foire-expo-de-gignac-2019\/#webpage\",\"url\":\"https:\/\/www.baezasarl-paysagiste-pepiniere.fr\/site\/art-publications-foire-expo-de-gignac-2019\/\",\"name\":\"Foire Exposition de Gignac 2019 - Baeza SARL, Paysagiste et P\u00e9pini\u00e8re\",\"isPartOf\":{\"@id\":\"https:\/\/www.baezasarl-paysagiste-pepiniere.fr\/site\/#website\"},\"primaryImageOfPage\":{\"@id\":\"https:\/\/www.baezasarl-paysagiste-pepiniere.fr\/site\/art-publications-foire-expo-de-gignac-2019\/#primaryimage\"},\"datePublished\":\"2019-06-09T13:43:34+00:00\",\"dateModified\":\"2019-06-13T15:18:22+00:00\",\"description\":\"Foire Expo Annuelle de Gignac 2019, les 15 et 16 juin. Venez d\u00e9couvrir la deuxi\u00e8me \u00e9dition de notre Jardin \u00e9ph\u00e9m\u00e8re, de nombreuses surprises vous y attendent...\",\"breadcrumb\":{\"@id\":\"https:\/\/www.baezasarl-paysagiste-pepiniere.fr\/site\/art-publications-foire-expo-de-gignac-2019\/#breadcrumb\"},\"inLanguage\":\"fr-FR\",\"potentialAction\":[{\"@type\":\"ReadAction\",\"target\":[\"https:\/\/www.baezasarl-paysagiste-pepiniere.fr\/site\/art-publications-foire-expo-de-gignac-2019\/\"]}]},{\"@type\":\"BreadcrumbList\",\"@id\":\"https:\/\/www.baezasarl-paysagiste-pepiniere.fr\/site\/art-publications-foire-expo-de-gignac-2019\/#breadcrumb\",\"itemListElement\":[{\"@type\":\"ListItem\",\"position\":1,\"name\":\"Accueil\",\"item\":\"https:\/\/www.baezasarl-paysagiste-pepiniere.fr\/site\/\"},{\"@type\":\"ListItem\",\"position\":2,\"name\":\"Foire Exposition de Gignac 2019\"}]},{\"@type\":\"Article\",\"@id\":\"https:\/\/www.baezasarl-paysagiste-pepiniere.fr\/site\/art-publications-foire-expo-de-gignac-2019\/#article\",\"isPartOf\":{\"@id\":\"https:\/\/www.baezasarl-paysagiste-pepiniere.fr\/site\/art-publications-foire-expo-de-gignac-2019\/#webpage\"},\"author\":{\"@id\":\"https:\/\/www.baezasarl-paysagiste-pepiniere.fr\/site\/#\/schema\/person\/18a25ed0dacb4a82e5d0551f48b69c9b\"},\"headline\":\"Foire Exposition de Gignac 2019\",\"datePublished\":\"2019-06-09T13:43:34+00:00\",\"dateModified\":\"2019-06-13T15:18:22+00:00\",\"mainEntityOfPage\":{\"@id\":\"https:\/\/www.baezasarl-paysagiste-pepiniere.fr\/site\/art-publications-foire-expo-de-gignac-2019\/#webpage\"},\"wordCount\":4505,\"publisher\":{\"@id\":\"https:\/\/www.baezasarl-paysagiste-pepiniere.fr\/site\/#organization\"},\"image\":{\"@id\":\"https:\/\/www.baezasarl-paysagiste-pepiniere.fr\/site\/art-publications-foire-expo-de-gignac-2019\/#primaryimage\"},\"thumbnailUrl\":\"https:\/\/www.baezasarl-paysagiste-pepiniere.fr\/site\/wp-content\/uploads\/BaezaSarl_Blog_FoireExpoGignac2019_Flyer_H760.jpg\",\"keywords\":[\"2019\",\"Baeza\",\"\u00c9ph\u00e9m\u00e8re\",\"Expo\",\"Foire\",\"Gignac\",\"Paysagiste\",\"P\u00e9pini\u00e8re\",\"Stand\"],\"articleSection\":[\"Publications\"],\"inLanguage\":\"fr-FR\"},{\"@type\":\"Person\",\"@id\":\"https:\/\/www.baezasarl-paysagiste-pepiniere.fr\/site\/#\/schema\/person\/18a25ed0dacb4a82e5d0551f48b69c9b\",\"name\":\"bpp_ewadmin\",\"image\":{\"@type\":\"ImageObject\",\"@id\":\"https:\/\/www.baezasarl-paysagiste-pepiniere.fr\/site\/#personlogo\",\"inLanguage\":\"fr-FR\",\"url\":\"https:\/\/secure.gravatar.com\/avatar\/c2b06ae950033b392998ada50767b50e?s=96&d=mm&r=g\",\"contentUrl\":\"https:\/\/secure.gravatar.com\/avatar\/c2b06ae950033b392998ada50767b50e?s=96&d=mm&r=g\",\"caption\":\"bpp_ewadmin\"}}]}<\/script>\n<!-- \/ Yoast SEO plugin. -->","yoast_head_json":{"title":"Foire Exposition de Gignac 2019 - Baeza SARL, Paysagiste et P\u00e9pini\u00e8re","description":"Foire Expo Annuelle de Gignac 2019, les 15 et 16 juin. Venez d\u00e9couvrir la deuxi\u00e8me \u00e9dition de notre Jardin \u00e9ph\u00e9m\u00e8re, de nombreuses surprises vous y attendent...","robots":{"index":"index","follow":"follow","max-snippet":"max-snippet:-1","max-image-preview":"max-image-preview:large","max-video-preview":"max-video-preview:-1"},"canonical":"https:\/\/www.baezasarl-paysagiste-pepiniere.fr\/site\/art-publications-foire-expo-de-gignac-2019\/","og_locale":"fr_FR","og_type":"article","og_title":"Foire Exposition de Gignac 2019 - Baeza SARL, Paysagiste et P\u00e9pini\u00e8re","og_description":"Foire Expo Annuelle de Gignac 2019, les 15 et 16 juin. Venez d\u00e9couvrir la deuxi\u00e8me \u00e9dition de notre Jardin \u00e9ph\u00e9m\u00e8re, de nombreuses surprises vous y attendent...","og_url":"https:\/\/www.baezasarl-paysagiste-pepiniere.fr\/site\/art-publications-foire-expo-de-gignac-2019\/","og_site_name":"Baeza SARL, Paysagiste et P\u00e9pini\u00e8re","article_publisher":"https:\/\/www.facebook.com\/PEPINIERE-BAEZA-438206409654674\/","article_published_time":"2019-06-09T13:43:34+00:00","article_modified_time":"2019-06-13T15:18:22+00:00","og_image":[{"width":359,"height":760,"url":"https:\/\/www.baezasarl-paysagiste-pepiniere.fr\/site\/wp-content\/uploads\/BaezaSarl_Blog_FoireExpoGignac2019_Flyer_H760.jpg","type":"image\/jpeg"}],"twitter_card":"summary_large_image","twitter_misc":{"\u00c9crit par":"bpp_ewadmin","Dur\u00e9e de lecture estim\u00e9e":"23 minutes"},"schema":{"@context":"https:\/\/schema.org","@graph":[{"@type":"Organization","@id":"https:\/\/www.baezasarl-paysagiste-pepiniere.fr\/site\/#organization","name":"Baeza SARL, Paysagiste et P\u00e9pini\u00e8re","url":"https:\/\/www.baezasarl-paysagiste-pepiniere.fr\/site\/","sameAs":["https:\/\/www.facebook.com\/PEPINIERE-BAEZA-438206409654674\/"],"logo":{"@type":"ImageObject","@id":"https:\/\/www.baezasarl-paysagiste-pepiniere.fr\/site\/#logo","inLanguage":"fr-FR","url":"https:\/\/www.baezasarl-paysagiste-pepiniere.fr\/site\/wp-content\/uploads\/BaezaSarl_BanniereSite_PetitFormat.png","contentUrl":"https:\/\/www.baezasarl-paysagiste-pepiniere.fr\/site\/wp-content\/uploads\/BaezaSarl_BanniereSite_PetitFormat.png","width":168,"height":55,"caption":"Baeza SARL, Paysagiste et P\u00e9pini\u00e8re"},"image":{"@id":"https:\/\/www.baezasarl-paysagiste-pepiniere.fr\/site\/#logo"}},{"@type":"WebSite","@id":"https:\/\/www.baezasarl-paysagiste-pepiniere.fr\/site\/#website","url":"https:\/\/www.baezasarl-paysagiste-pepiniere.fr\/site\/","name":"Baeza SARL, Paysagiste et P\u00e9pini\u00e8re","description":"Un Paysagiste \u00e0 votre \u00e9coute. Une P\u00e9pini\u00e8re \u00e0 votre service","publisher":{"@id":"https:\/\/www.baezasarl-paysagiste-pepiniere.fr\/site\/#organization"},"potentialAction":[{"@type":"SearchAction","target":{"@type":"EntryPoint","urlTemplate":"https:\/\/www.baezasarl-paysagiste-pepiniere.fr\/site\/?s={search_term_string}"},"query-input":"required name=search_term_string"}],"inLanguage":"fr-FR"},{"@type":"ImageObject","@id":"https:\/\/www.baezasarl-paysagiste-pepiniere.fr\/site\/art-publications-foire-expo-de-gignac-2019\/#primaryimage","inLanguage":"fr-FR","url":"https:\/\/www.baezasarl-paysagiste-pepiniere.fr\/site\/wp-content\/uploads\/BaezaSarl_Blog_FoireExpoGignac2019_Flyer_H760.jpg","contentUrl":"https:\/\/www.baezasarl-paysagiste-pepiniere.fr\/site\/wp-content\/uploads\/BaezaSarl_Blog_FoireExpoGignac2019_Flyer_H760.jpg","width":359,"height":760,"caption":"BAEZA Sarl, Paysagiste et P\u00e9pini\u00e8re, Publication Foire Exposition Gignac 2019 (Affiche)"},{"@type":"WebPage","@id":"https:\/\/www.baezasarl-paysagiste-pepiniere.fr\/site\/art-publications-foire-expo-de-gignac-2019\/#webpage","url":"https:\/\/www.baezasarl-paysagiste-pepiniere.fr\/site\/art-publications-foire-expo-de-gignac-2019\/","name":"Foire Exposition de Gignac 2019 - Baeza SARL, Paysagiste et P\u00e9pini\u00e8re","isPartOf":{"@id":"https:\/\/www.baezasarl-paysagiste-pepiniere.fr\/site\/#website"},"primaryImageOfPage":{"@id":"https:\/\/www.baezasarl-paysagiste-pepiniere.fr\/site\/art-publications-foire-expo-de-gignac-2019\/#primaryimage"},"datePublished":"2019-06-09T13:43:34+00:00","dateModified":"2019-06-13T15:18:22+00:00","description":"Foire Expo Annuelle de Gignac 2019, les 15 et 16 juin. Venez d\u00e9couvrir la deuxi\u00e8me \u00e9dition de notre Jardin \u00e9ph\u00e9m\u00e8re, de nombreuses surprises vous y attendent...","breadcrumb":{"@id":"https:\/\/www.baezasarl-paysagiste-pepiniere.fr\/site\/art-publications-foire-expo-de-gignac-2019\/#breadcrumb"},"inLanguage":"fr-FR","potentialAction":[{"@type":"ReadAction","target":["https:\/\/www.baezasarl-paysagiste-pepiniere.fr\/site\/art-publications-foire-expo-de-gignac-2019\/"]}]},{"@type":"BreadcrumbList","@id":"https:\/\/www.baezasarl-paysagiste-pepiniere.fr\/site\/art-publications-foire-expo-de-gignac-2019\/#breadcrumb","itemListElement":[{"@type":"ListItem","position":1,"name":"Accueil","item":"https:\/\/www.baezasarl-paysagiste-pepiniere.fr\/site\/"},{"@type":"ListItem","position":2,"name":"Foire Exposition de Gignac 2019"}]},{"@type":"Article","@id":"https:\/\/www.baezasarl-paysagiste-pepiniere.fr\/site\/art-publications-foire-expo-de-gignac-2019\/#article","isPartOf":{"@id":"https:\/\/www.baezasarl-paysagiste-pepiniere.fr\/site\/art-publications-foire-expo-de-gignac-2019\/#webpage"},"author":{"@id":"https:\/\/www.baezasarl-paysagiste-pepiniere.fr\/site\/#\/schema\/person\/18a25ed0dacb4a82e5d0551f48b69c9b"},"headline":"Foire Exposition de Gignac 2019","datePublished":"2019-06-09T13:43:34+00:00","dateModified":"2019-06-13T15:18:22+00:00","mainEntityOfPage":{"@id":"https:\/\/www.baezasarl-paysagiste-pepiniere.fr\/site\/art-publications-foire-expo-de-gignac-2019\/#webpage"},"wordCount":4505,"publisher":{"@id":"https:\/\/www.baezasarl-paysagiste-pepiniere.fr\/site\/#organization"},"image":{"@id":"https:\/\/www.baezasarl-paysagiste-pepiniere.fr\/site\/art-publications-foire-expo-de-gignac-2019\/#primaryimage"},"thumbnailUrl":"https:\/\/www.baezasarl-paysagiste-pepiniere.fr\/site\/wp-content\/uploads\/BaezaSarl_Blog_FoireExpoGignac2019_Flyer_H760.jpg","keywords":["2019","Baeza","\u00c9ph\u00e9m\u00e8re","Expo","Foire","Gignac","Paysagiste","P\u00e9pini\u00e8re","Stand"],"articleSection":["Publications"],"inLanguage":"fr-FR"},{"@type":"Person","@id":"https:\/\/www.baezasarl-paysagiste-pepiniere.fr\/site\/#\/schema\/person\/18a25ed0dacb4a82e5d0551f48b69c9b","name":"bpp_ewadmin","image":{"@type":"ImageObject","@id":"https:\/\/www.baezasarl-paysagiste-pepiniere.fr\/site\/#personlogo","inLanguage":"fr-FR","url":"https:\/\/secure.gravatar.com\/avatar\/c2b06ae950033b392998ada50767b50e?s=96&d=mm&r=g","contentUrl":"https:\/\/secure.gravatar.com\/avatar\/c2b06ae950033b392998ada50767b50e?s=96&d=mm&r=g","caption":"bpp_ewadmin"}}]}},"_links":{"self":[{"href":"https:\/\/www.baezasarl-paysagiste-pepiniere.fr\/site\/wp-json\/wp\/v2\/posts\/5325"}],"collection":[{"href":"https:\/\/www.baezasarl-paysagiste-pepiniere.fr\/site\/wp-json\/wp\/v2\/posts"}],"about":[{"href":"https:\/\/www.baezasarl-paysagiste-pepiniere.fr\/site\/wp-json\/wp\/v2\/types\/post"}],"author":[{"embeddable":true,"href":"https:\/\/www.baezasarl-paysagiste-pepiniere.fr\/site\/wp-json\/wp\/v2\/users\/1"}],"replies":[{"embeddable":true,"href":"https:\/\/www.baezasarl-paysagiste-pepiniere.fr\/site\/wp-json\/wp\/v2\/comments?post=5325"}],"version-history":[{"count":45,"href":"https:\/\/www.baezasarl-paysagiste-pepiniere.fr\/site\/wp-json\/wp\/v2\/posts\/5325\/revisions"}],"predecessor-version":[{"id":6346,"href":"https:\/\/www.baezasarl-paysagiste-pepiniere.fr\/site\/wp-json\/wp\/v2\/posts\/5325\/revisions\/6346"}],"wp:featuredmedia":[{"embeddable":true,"href":"https:\/\/www.baezasarl-paysagiste-pepiniere.fr\/site\/wp-json\/wp\/v2\/media\/5367"}],"wp:attachment":[{"href":"https:\/\/www.baezasarl-paysagiste-pepiniere.fr\/site\/wp-json\/wp\/v2\/media?parent=5325"}],"wp:term":[{"taxonomy":"category","embeddable":true,"href":"https:\/\/www.baezasarl-paysagiste-pepiniere.fr\/site\/wp-json\/wp\/v2\/categories?post=5325"},{"taxonomy":"post_tag","embeddable":true,"href":"https:\/\/www.baezasarl-paysagiste-pepiniere.fr\/site\/wp-json\/wp\/v2\/tags?post=5325"}],"curies":[{"name":"wp","href":"https:\/\/api.w.org\/{rel}","templated":true}]}}